{
    "id": 2197,
    "date": "2014-12-12T09:02:00",
    "date_gmt": "2014-12-12T08:02:00",
    "guid": {
        "rendered": "https:\/\/weissbergavocats.com\/?p=2197"
    },
    "modified": "2025-12-15T16:28:45",
    "modified_gmt": "2025-12-15T15:28:45",
    "slug": "indemnisation-west-carribean-airways",
    "status": "publish",
    "type": "post",
    "link": "https:\/\/www.weissbergavocats.com\/fr\/indemnisation-west-carribean-airways\/",
    "title": {
        "rendered": "Indemnisation West Carribean Airways (Fr)"
    },
    "content": {
        "rendered": "<div class=\"pdfprnt-buttons pdfprnt-buttons-post pdfprnt-top-left\"><a href=\"https:\/\/www.weissbergavocats.com\/fr\/wp-json\/wp\/v2\/posts\/2197?print=print\" class=\"pdfprnt-button pdfprnt-button-print\" target=\"_blank\" ><img decoding=\"async\" src=\"https:\/\/www.weissbergavocats.com\/wp-content\/plugins\/pdf-print\/images\/print.png\" alt=\"image_print\" title=\"Contenu imprim\u00e9\" \/><\/a><\/div>\n<h2 class=\"has-text-color wp-block-heading\" style=\"color:#c24747\">SOMMAIRE<\/h2>\n\n\n\n<p><a href=\"https:\/\/www.weissbergavocats.com\/fr\/indemnisation-west-carribean-airways\/#CA-22062012\">I. CA FORT DE FRANCE CH. CIVILE, ARR\u00caT N\u00b010\/00341 (22\/06\/2012)<\/a><br><a href=\"#CA-22122012\">II. CA FORT DE FRANCE CH. CIVILE, ARR\u00caT N\u00b010\/00341(22\/12\/2012)<\/a><br><a href=\"#CA-22122012(2)\">III. CA FORT DE FRANCE CH. CIVILE, ARR\u00caT N\u00b010\/00643 (22\/12\/2012)<\/a><br><a href=\"#CA-18012013\">IV. CA FORT DE FRANCE CH. CIVILE, ARR\u00caT N\u00b010\/00645 (18\/01\/2013)  <\/a><br><a href=\"#CA-19042013\">V. CA FORT DE FRANCE CH. CIVILE, ARR\u00caT N\u00b010\/00634 (19\/04\/2013)<\/a><br><a href=\"#CA-07062013\">VI. CA FORT DE FRANCE CH. CIVILE, ARR\u00caT N\u00b010\/00667 (07\/06\/2013)  <\/a><br><a href=\"#CA-19122014\">VII. CA PARIS P\u00d4LE 2, CHAMBRE 2, ARR\u00caT N\u00b013\/04044 (19\/12\/2014)  <\/a><\/p>\n\n\n\n<pre class=\"wp-block-code\"><code><\/code><\/pre>\n\n\n\n<h2 class=\"has-text-color wp-block-heading\" style=\"color:#c24747\" id=\"CA-22062012\"><strong>I. CA FORT DE FRANCE CH. CIVILE,<\/strong> <strong>ARR\u00caT<\/strong> <strong>N\u00b0 10\/00341 (22\/06\/2012)<\/strong> <\/h2>\n\n\n\n<div class=\"wp-block-group\"><div class=\"wp-block-group__inner-container is-layout-flow wp-block-group-is-layout-flow\">\n<p>SA LA COMPAGNIE D&#8217;ASSURANCES ASEGURADORA COLSEGUROS <br>LA SA WEST CARIBBEAN AIRWAYS <br>FELIPE NEGRET MOSQUERA <\/p>\n\n\n\n<p>C\/ <\/p>\n\n\n\n<p>COUR D&#8217;APPEL DE FORT DE FRANCE , CHAMBRE CIVILE, ARR\u00caT DU 22 JUIN 2012 <\/p>\n<\/div><\/div>\n\n\n\n<p>D\u00e9cision d\u00e9f\u00e9r\u00e9e \u00e0 la cour : Jugement du Tribunal de Grande Instance de Fort de France, en date du 08 Septembre\n2009, enregistr\u00e9 sous le n\u00b0 08\/00114.\n<\/p>\n\n\n\n<h5 class=\"wp-block-heading\">APPELANTS :\n<\/h5>\n\n\n\n<p>SA LA COMPAGNIE D&#8217;ASSURANCES ASEGURADORA COLSEGUROS, prise en la personne de son repr\u00e9sentant l\u00e9gal <br>Carrera 13 A &#8211; N\u00b029-24 y 29-26 Piso 17<br> Ala Sur Santaf\u00e9 de Bogo\u00e0<br> COLOMBIE<br> repr\u00e9sent\u00e9e par Me Alain MANVILLE, avocat au barreau de MARTINIQUE <\/p>\n\n\n\n<p>LA SA WEST CARIBBEAN AIRWAYS, Soci\u00e9t\u00e9 en liquidation <br>Call\u00e9e 2 N\u00b067 Hangar 72 Medelin <br>COLOMBIE <br>repr\u00e9sent\u00e9e par Me Alain MANVILLE, avocat au barreau de MARTINIQUE <br>Ma\u00eetre FELIPE NEGRET MOSQUERA, es qualit\u00e9 de mandataire liquidateur de la soci\u00e9t\u00e9 WEST CARIBBEAN AIRWAYS <br>Bogota Calle 70 A, N\u00b06-24, Piso 2<br> COLOMBIE<br> repr\u00e9sent\u00e9 par Me Alain MANVILLE, avocat au barreau de MARTINIQUE INTIMES :<br> Madame T. Yolande L. \u00e9pouse B.<br> 45 Morne Laurent T.<br> C\/0 M. Omer L.<br>repr\u00e9sent\u00e9e par Me Andr\u00e9 ELOIDIN, avocat au barreau de MARTINIQUE Madame Marie Louise Christiane L.<br> 45 Morne Laurent T.<br> C\/0 M. Omer L.<br> repr\u00e9sent\u00e9e par Me Andr\u00e9 ELOIDIN, avocat au barreau de MARTINIQUE Madame Th\u00e9r\u00e8se Rose d. L.<br> 45 Morne Laurent T.<br> C\/0 M. Omer L.<br> repr\u00e9sent\u00e9e par Me Andr\u00e9 ELOIDIN, avocat au barreau de MARTINIQUE Madame Raymonde Fernande L. \u00e9pouse H.<br> Cit\u00e9 Lacroix<br> repr\u00e9sent\u00e9e par Me Andr\u00e9 ELOIDIN, avocat au barreau de MARTINIQUE Monsieur Honor\u00e9 Cyr Andr\u00e9 L.<br> Habitation Bois Carr\u00e9<br> repr\u00e9sent\u00e9 par Me Andr\u00e9 ELOIDIN, avocat au barreau de MARTINIQUE Monsieur Casimir Simplice L.<br> repr\u00e9sent\u00e9 par Me Andr\u00e9 ELOIDIN, avocat au barreau de MARTINIQUE Monsieur Th\u00e9r\u00e8se Carnot L. <br>Rue Osman N.<br>Ravine Vilaine<br>repr\u00e9sent\u00e9 par Me Andr\u00e9 ELOIDIN, avocat au barreau de MARTINIQUE <\/p>\n\n\n\n<h5 class=\"wp-block-heading\">COMPOSITION DE LA COUR : <\/h5>\n\n\n\n<p>L&#8217;affaire a \u00e9t\u00e9 d\u00e9battue le 27 avril 2012 en audience publique, devant la cour compos\u00e9e de : Mme TRIOL, Conseill\u00e8re, pr\u00e9sidente d&#8217;audience<br> Mme SUBIETA FORONDA, Conseill\u00e8re<br> M. CHEVRIER, Conseiller <br>qui en ont d\u00e9lib\u00e9r\u00e9, les parties ayant \u00e9t\u00e9 avis\u00e9es de la date du prononc\u00e9 de l&#8217;arr\u00eat fix\u00e9e au 22 JUIN 2012. <br>GREFFIER : lors des d\u00e9bats, Mme SOUNDOROM, <\/p>\n\n\n\n<p>ARRET : Contradictoire, <br>Prononc\u00e9 publiquement par mise \u00e0 disposition au greffe de la cour, les parties en ayant \u00e9t\u00e9 pr\u00e9alablement avis\u00e9es dans les conditions pr\u00e9vues au deuxi\u00e8me alin\u00e9a de l&#8217;article 450 du code de proc\u00e9dure civile. <\/p>\n\n\n\n<h5 class=\"wp-block-heading\">EXPOS\u00c9 DU LITIGE : <\/h5>\n\n\n\n<p>Le 16 ao\u00fbt 2005, un avion de la compagnie colombienne WEST CARIBBEAN AIRWAYS, assurant un vol entre le\nPanama et la Martinique s&#8217;est \u00e9cras\u00e9 dans le nord ouest du V\u00e9n\u00e9zuela. Mme Lucienne C. et sa fille, C\u00e9lyne L., se\ntrouvaient parmi les passagers de cet avion.\n<\/p>\n\n\n\n<p>La WEST CARIBBEAN AIRWAYS, aujourd&#8217;hui en liquidation, est repr\u00e9sent\u00e9e par Ma\u00eetre Felipe NEGRET\nMOSQUETO, liquidateur judiciaire. A l&#8217;\u00e9poque des faits, elle \u00e9tait assur\u00e9e, pour sa responsabilit\u00e9 civile, aupr\u00e8s de la\ncompagnie d&#8217;assurances ASEGURADORA COLSEGUROS.\n<\/p>\n\n\n\n<p>Par jugement du 1erseptembre 2005, le tribunal de grande instance de Fort de France a d\u00e9clar\u00e9 Mme Lucienne C. et\nMme C\u00e9lyne L. d\u00e9c\u00e9d\u00e9es.\n<\/p>\n\n\n\n<p>Par jugement contradictoire du 8 septembre 2009, le m\u00eame tribunal a donn\u00e9 acte \u00e0 Me Felipe NEGRET MOSQUETO\nde son intervention volontaire, condamn\u00e9 la compagnie d&#8217;assurances ASEGURADORA COLSEGUROS \u00e0 payer \u00e0\nMme T. L. \u00e9pouse B., Mme Marie Louise L. \u00e9pouse F., Mme Th\u00e9r\u00e8se L., Mme Raymonde L. \u00e9pouse H., M. Honor\u00e9 L.,\nM. Casimir L. et M. Th\u00e9r\u00e8se Carnot L., \u00e0 chacun, la somme de 5 000,00 euros, au titre du pr\u00e9judice moral r\u00e9sultant du\nd\u00e9c\u00e8s de leur belle s&#8217;ur et celle de 8 000,00 euros, au titre du m\u00eame pr\u00e9judice du fait du d\u00e9c\u00e8s de leur ni\u00e8ce, d\u00e9clar\u00e9 le\njugement opposable \u00e0 Me FELIPE NEGRET MOSQUERA, es qualit\u00e9s de mandataire liquidateur de la WEST\nCARIBBEAN AIRWAYS, ordonn\u00e9 l&#8217;ex\u00e9cution provisoire pour le tout, condamn\u00e9 la compagnie d&#8217;assurances \u00e0 verser la\nsomme de 3 000,00 euros, en application des dispositions de l&#8217;article 700 du code de proc\u00e9dure civile.\n<\/p>\n\n\n\n<p>Par d\u00e9claration enregistr\u00e9e au greffe le 31 mai 2010, la compagnie d&#8217;assurances ASEGURADORA COLSEGUROS,\nla WEST CARIBBEAN AIRWAYS et Ma\u00eetre FELIPE NEGRET MOSQUERA, es qualit\u00e9s de mandataire liquidateur de\nla compagnie a\u00e9rienne, ont relev\u00e9 appel de ce jugement en toutes ses dispositions.\n<\/p>\n\n\n\n<p>Cette d\u00e9claration d&#8217;appel a \u00e9t\u00e9 signifi\u00e9e, le 29 septembre 2010, \u00e0 Mme T. L. \u00e9pouse B., Mme Marie Louise L. \u00e9pouse\nF., Mme Th\u00e9r\u00e8se L., Mme Raymonde L. \u00e9pouse H., M. Honor\u00e9 L., M. Casimir L. et M. Th\u00e9r\u00e8se Carnot L..\n<\/p>\n\n\n\n<p>Par conclusions d\u00e9pos\u00e9es au greffe le 31 mars 2011, les appelants ont demand\u00e9 \u00e0 la cour l&#8217;infirmation du jugement\nd\u00e9f\u00e9r\u00e9, en l&#8217;absence de d\u00e9monstration de liens d&#8217;affection sp\u00e9cifiques entre les intim\u00e9es et les d\u00e9funts.\n<\/p>\n\n\n\n<p>A titre subsidiaire, ils ont r\u00e9clam\u00e9 le d\u00e9bout\u00e9 de l&#8217;appel incident des intim\u00e9s.\n<\/p>\n\n\n\n<p>Au soutien de leurs pr\u00e9tentions, ils exposent que l&#8217;indemnisation du pr\u00e9judice moral vise \u00e0 compenser la peine\n\u00e9prouv\u00e9e pour la perte d&#8217;un \u00eatre proche, abstraction faite du contexte o\u00f9 elle se produit, et qu&#8217;il n&#8217;existe aucune\npr\u00e9somption de pr\u00e9judice moral r\u00e9parable s&#8217;agissant des beaux fr\u00e8res, belles soeurs, oncles et tantes. Ils affirment que\nles intim\u00e9s doivent d\u00e9montrer les liens d&#8217;affection sp\u00e9cifiques les liant aux victimes et que le lien de parent\u00e9 ou\nd&#8217;alliance ne suffit pas \u00e0 \u00e9tablir la r\u00e9alit\u00e9 de liens d&#8217;affection susceptibles d&#8217;\u00eatre indemnis\u00e9s.\n<\/p>\n\n\n\n<p>S&#8217;agissant de l&#8217;appel incident, ils soulignent que la demande d&#8217;augmentation de la somme allou\u00e9e \u00e0 chacun des\nintim\u00e9s n&#8217;est pas justifi\u00e9e.\n<\/p>\n\n\n\n<p>Par conclusions d\u00e9pos\u00e9es au greffe le 12 janvier 2011, Mme T. L. \u00e9pouse B., Mme Marie Louise L. \u00e9pouse F., Mme Th\u00e9r\u00e8se L., Mme Raymonde L. \u00e9pouse H., M. Honor\u00e9 L., M. Casimir L. et M. Th\u00e9r\u00e8se Carnot L. ont demand\u00e9 \u00e0 la cour l&#8217;infirmation partielle du jugement et la condamnation des appelants \u00e0 leur verser, \u00e0 chacun, la somme de 10 000,00 euros, au titre du pr\u00e9judice moral du fait du d\u00e9c\u00e8s de leur belle soeur et celle de 15 000,00 euros, au titre du m\u00eame pr\u00e9judice du fait du d\u00e9c\u00e8s de leur ni\u00e8ce, outre leur condamnation \u00e0 leur verser, ensemble, la somme de 7 000,00 euros, en application des dispositions de l&#8217;article 700 du code de proc\u00e9dure civile. <\/p>\n\n\n\n<p>A l&#8217;appui de leurs pr\u00e9tentions, ils exposent que la catastrophe a\u00e9rienne a \u00e9branl\u00e9 toute la Martinique et a constitu\u00e9 un\naccident a\u00e9rien majeur. Ils rappellent avoir justifi\u00e9 le lien affectif tr\u00e8s fort ayant exist\u00e9 entre eux et les d\u00e9funtes amenant\nle tribunal a jug\u00e9 indiscutable\n<\/p>\n\n\n\n<p>le lien de parent\u00e9 et d&#8217;affection.\n<\/p>\n\n\n\n<p>L&#8217;ordonnance de cl\u00f4ture est intervenue le 10 novembre 2011.\n<\/p>\n\n\n\n<h5 class=\"wp-block-heading\">MOTIFS DE L&#8217;ARR\u00caT : <\/h5>\n\n\n\n<p>Sur l&#8217;indemnisation du pr\u00e9judice moral :\n<\/p>\n\n\n\n<p>Il est admis que le pr\u00e9judice moral de l&#8217;ayant droit consiste tant dans le choc psychologique et affectif r\u00e9sultant du\nd\u00e9c\u00e8s d&#8217;un proche, que dans les pertes affectives et d&#8217;assistance li\u00e9es \u00e0 l&#8217;absence de la personne d\u00e9funte.\n<\/p>\n\n\n\n<p>Comme l&#8217;ont justement rappel\u00e9 les premiers juges, le traumatisme li\u00e9 aux circonstances particuli\u00e8res de l&#8217;accident\ndans sa dimension de catastrophe collective ne peut donner lieu \u00e0 une r\u00e9paration sp\u00e9cifique mais constitue une des\ncomposantes du pr\u00e9judice moral, la douleur pouvant \u00eatre d&#8217;autant plus vive que les circonstances du d\u00e9c\u00e8s sont\np\u00e9nibles.\n<\/p>\n\n\n\n<p>En l&#8217;esp\u00e8ce, les intim\u00e9s pr\u00e9tendent \u00e0 une juste indemnisation au regard de leur pr\u00e9judice consid\u00e9r\u00e9 dans tous ses\naspects, y compris les souffrances morales li\u00e9es aux circonstances du crash a\u00e9rien.\n<\/p>\n\n\n\n<p>Ils ont ainsi d\u00e9montr\u00e9 tant leur douleur particuli\u00e8re due aux circonstances brutales et violentes du d\u00e9c\u00e8s de leurs\nparentes, que les liens d&#8217;affection profonde et de proximit\u00e9 qui les unissaient.\n<\/p>\n\n\n\n<p>Au vu de l&#8217;ensemble des pi\u00e8ces produites aux d\u00e9bats, la cour consid\u00e8re que le jugement d\u00e9f\u00e9r\u00e9 a justement \u00e9valu\u00e9 le\npr\u00e9judice des intim\u00e9s et doit recevoir confirmation.\n<\/p>\n\n\n\n<p>Sur les dispositions de l&#8217;article 700 du code de proc\u00e9dure civile :\n<\/p>\n\n\n\n<p>L&#8217;\u00e9quit\u00e9 justifie la condamnation de la compagnie d&#8217;assurances ASEGURADORA COLSEGUROS au paiement aux\nintim\u00e9s ensemble de la somme de 7 000,00 euros.\n<\/p>\n\n\n\n<p>La m\u00eame compagnie d&#8217;assurance supportera les d\u00e9pens.\nPAR CES MOTIFS :<br>\nConfirme le jugement entrepris en toutes ses dispositions,\n<\/p>\n\n\n\n<p>Condamne la compagnie d&#8217;assurances ASEGURADORA COLSEGUROS \u00e0 payer \u00e0 Mme T. L. \u00e9pouse B., Mme Marie\nLouise L. \u00e9pouse F., Mme Th\u00e9r\u00e8se L., Mme Raymonde L. \u00e9pouse H., M. Honor\u00e9 L., M. Casimir L. et M. Th\u00e9r\u00e8se\nCarnot L., ensemble, la somme de 7 000,00 euros, sur le fondement des dispositions de l&#8217;article 700 du code de\nproc\u00e9dure civile ;\n<\/p>\n\n\n\n<p>Condamne la compagnie d&#8217;assurances ASEGURADORA COLSEGUROS aux d\u00e9pens.\n<\/p>\n\n\n\n<p>Sign\u00e9 par Mme TRIOL, Pr\u00e9sidente, et Mme SOUNDOROM, greffi\u00e8re, lors du prononc\u00e9, auquel la minute a \u00e9t\u00e9 remise.\n<\/p>\n\n\n\n<p>LA GREFFIERE, LA PRESIDENTE,\n<\/p>\n\n\n\n<p>Composition de la juridiction : Mme TRIOL,Alain MANVILLE, Me Andr\u00e9 ELOIDIN D\u00e9cision attaqu\u00e9e : TGI Fort-de-France, Fort-de-France 2009-09-08 <\/p>\n\n\n\n<p class=\"has-text-align-center\">***<\/p>\n\n\n\n<p><\/p>\n\n\n\n<h2 class=\"has-text-color wp-block-heading\" style=\"color:#c24747\" id=\"CA-22122012\"><strong>II. CA FORT DE FRANCE CH. CIVILE, ARR\u00caT N\u00b010\/00341(22\/12\/2012<\/strong>)<\/h2>\n\n\n\n<p>LA COMPAGNIE D&#8217;ASSURANCES ASEGURADORA COLSEGUROS <br>La SA WEST CARIBBEAN AIRWAYS SA <br>FELIPE NEGRET MOSQUERO <\/p>\n\n\n\n<p>C\/\n<\/p>\n\n\n\n<p>R.\n<\/p>\n\n\n\n<p>L.\n<\/p>\n\n\n\n<p>COUR D&#8217;APPEL DE FORT DE FRANCE <br>CHAMBRE CIVILE <\/p>\n\n\n\n<p>D\u00e9cision d\u00e9f\u00e9r\u00e9e \u00e0 la cour : Jugement du Tribunal de Grande Instance de Fort de France, en date du 17 novembre\n2009, enregistr\u00e9 sous le n\u00b0 09\/1871\n<\/p>\n\n\n\n<h5 class=\"wp-block-heading\">APPELANTS :\n<\/h5>\n\n\n\n<p>LA COMPAGNIE D&#8217;ASSURANCES ASEGURADORA COLSEGUROS, prise en sa qualit\u00e9 d&#8217;assureur de la Compagnie WEST CARIBBEAN AIRWAYS, prise en la personne de son repr\u00e9sentant l\u00e9gal <br>Carera 13 A N\u00b029-24 Piso 17 Ala Sur <br>Santa f\u00e9 de bogota BOGOTA (COLOMBIE) <br>repr\u00e9sent\u00e9e par Me Alain MANVILLE de la SELARL AMCOR JURISTE &amp; ASSOCIES, avocats au barreau de MARTINIQUE <\/p>\n\n\n\n<p>La SA WEST CARIBBEAN AIRWAYS SA, soci\u00e9t\u00e9 en liquidation. Calle 2, n\u00b087-15<br> Hangar 72 MEDILLIN COLOMBIE <br>repr\u00e9sent\u00e9e par Me Alain MANVILLE de la SELARL AMCOR JURISTE &amp; ASSOCIES, avocats au barreau de MARTINIQUE <br>Ma\u00eetre FELIPE NEGRET MOSQUERO Calle 70 A N\u00b06-24 Piso 2 BOGOTA COLOMBIE <br>repr\u00e9sent\u00e9 par Me Alain MANVILLE de la SELARL AMCOR JURISTE &amp; ASSOCIES, avocats au barreau de MARTINIQUE <\/p>\n\n\n\n<h5 class=\"wp-block-heading\">INTIMEES :\n<\/h5>\n\n\n\n<p>Madame R. Irma R. divorc\u00e9e L.<br>repr\u00e9sent\u00e9e par Me Alberte ROTSEN MEYZINDI de la SELARL MATHURIN BELIA &amp; ROTSEN MEYZINDI, avocats au barreau de MARTINIQUE<br>Madame Ketty L. \u00e9pouse E. 4 cour du Moulin<br>repr\u00e9sent\u00e9e par Alberte ROTSEN MEYZINDI de la SELARL MATHURIN BELIA &amp; ROTSEN MEYZINDI, avocats au barreau de MARTINIQUE <\/p>\n\n\n\n<h5 class=\"wp-block-heading\">COMPOSITION DE LA COUR :\n<\/h5>\n\n\n\n<p>Les parties ont \u00e9t\u00e9 autoris\u00e9es \u00e0 d\u00e9poser leur dossier le 12 octobre 2012 conform\u00e9ment aux dispositions de l&#8217;article 779 alin\u00e9a 3 du code de proc\u00e9dure civile et inform\u00e9es en application de l&#8217;article 786-1 du m\u00eame code du nom des magistrats amen\u00e9s \u00e0 d\u00e9lib\u00e9rer soit : <br>Pr\u00e9sidente : Mme DERYCKERE, Conseill\u00e8re <br>Assesseur : Mme SUBIETA FORONDA, Conseill\u00e8re <br>Assesseur : Mme TRIOL, Conseill\u00e8re <\/p>\n\n\n\n<p>et de la date du prononc\u00e9 de l&#8217;arr\u00eat fix\u00e9e au 14 DECEMBRE 2012 <br>Greffi\u00e8re : lors des d\u00e9bats, Mme SOUNDOROM, <\/p>\n\n\n\n<p>ARR\u00caT: contradictoire,\n<\/p>\n\n\n\n<p>prononc\u00e9 publiquement, par mise \u00e0 disposition au greffe de la cour, les parties en ayant \u00e9t\u00e9 pr\u00e9alablement avis\u00e9es\ndans les conditions pr\u00e9vues au deuxi\u00e8me alin\u00e9a de l&#8217;article 450 du code de proc\u00e9dure civile;\n<\/p>\n\n\n\n<h5 class=\"wp-block-heading\">FAITS, PROC\u00c9DURE, MOYENS ET PR\u00c9TENTIONS DES PARTIES\n<\/h5>\n\n\n\n<p>Par jugement du 30 septembre 2008, rectifi\u00e9 le 19 novembre 2009, le tribunal de grande instance de Fort de France a\ncondamn\u00e9 la compagnie d&#8217;assurance ASEGURADORA COLSEGUROS \u00e0 payer en r\u00e9paration du pr\u00e9judice subi du\nfait du d\u00e9c\u00e8s de M. G. LAURENT et de son fils Johan L., dans l&#8217;accident d&#8217;avion survenu le 16 ao\u00fbt 2005 au Venezuela,\ndes sommes au titre de divers postes de pr\u00e9judices, parmi lesquels :\n<\/p>\n\n\n\n<p>&#8211; \u00e0 Mme R. R. 5 000 \u20ac pour le pr\u00e9judice h\u00e9r\u00e9ditaire personnel subi par son fils Johan L.,\n<\/p>\n\n\n\n<p>&#8211; \u00e0 Mme Ketty L. 15 000 \u20ac en r\u00e9paration du pr\u00e9judice h\u00e9r\u00e9ditaire subi par son fr\u00e8re Johan L., et 20 000 \u20ac subi par son\np\u00e8re G. LAURENT.\n<\/p>\n\n\n\n<p>L&#8217;assureur, et Me Felipe NEGRET MOSQUERA en qualit\u00e9 de liquidateur de la SA WEST CARIBEAN AIRWAYS ont\n<\/p>\n\n\n\n<p>par d\u00e9claration du 30 septembre 2010, interjet\u00e9 appel du jugement, uniquement de ces condamnations prononc\u00e9es au\ntitre du pr\u00e9judice h\u00e9r\u00e9ditaire.\n<\/p>\n\n\n\n<p>Par derni\u00e8res conclusions en date du 23 mai 2012, les appelants font valoir que ce pr\u00e9judice n&#8217;a pas pu entrer dans le\npatrimoine du d\u00e9funt, transmis aux ayants droit puisqu&#8217;il n&#8217;est qu&#8217;hypoth\u00e9tique et donc non r\u00e9parable. Ils ajoutent que\nl&#8217;accident ayant entrain\u00e9 une mort instantan\u00e9e, le pr\u00e9judice moral du d\u00e9funt ne peut \u00eatre retenu. Subsidiairement, ils font\nobserver que le pr\u00e9judice successoral a \u00e9t\u00e9 \u00e9valu\u00e9 forfaitairement \u00e0 20 000 \u20ac mais qu&#8217;un autre jugement rendu du chef\nde la disparition de M. G. LAURENT retient l&#8217;existence de 4 h\u00e9ritiers, l&#8217;unique demandeur parmi eux obtenant d\u00e8s lors\nune somme de 5 000 \u20ac , ce qui cr\u00e9e une contradiction avec la situation de Mme Ketty L. percevant 20 000 \u20ac de son\nc\u00f4t\u00e9 en tant que seule h\u00e9riti\u00e8re du m\u00eame G. LAURENT.\n<\/p>\n\n\n\n<p>Aux termes de leurs derni\u00e8res conclusions du 7 f\u00e9vrier 2012, les intim\u00e9es, Mme R. R. et Mme Ketty L., demandent \u00e0 la cour de confirmer le jugement en toutes ses dispositions et de leur allouer une indemnit\u00e9 de 3 000 \u20ac au titre de l&#8217;article 700 du code de proc\u00e9dure civile. Sur le principe de l&#8217;indemnisation d&#8217;un pr\u00e9judice h\u00e9r\u00e9ditaire de souffrance dans ce cas, elles font valoir qu&#8217;il est incontestable que dans le courant d&#8217;un crash d&#8217;avion, les passagers ont ressenti l&#8217;imminence de leur mort avec le sentiment de panique et d&#8217;impuissance, et la conscience de quitter la vie avant son terme. Ce pr\u00e9judice moral \u00e9tant n\u00e9 avant le d\u00e9c\u00e8s, le droit personnel \u00e0 r\u00e9paration est entr\u00e9 dans le patrimoine de la victime et s&#8217;est transmis \u00e0 ses h\u00e9ritiers. En ce qui concerne le quantum, elles font valoir que leur qualit\u00e9 d&#8217;h\u00e9riti\u00e8res est attest\u00e9e par un certificat d&#8217;h\u00e9r\u00e9dit\u00e9 qui n&#8217;a pas \u00e9t\u00e9 contest\u00e9, et que le jugement faisant \u00e9tat de 4 autres h\u00e9ritiers de M. G. LAURENT ne leur ayant pas \u00e9t\u00e9 communiqu\u00e9, il ne leur est pas opposable. <\/p>\n\n\n\n<h5 class=\"wp-block-heading\">MOTIFS<\/h5>\n\n\n\n<h5 class=\"wp-block-heading\"> Sur le pr\u00e9judice h\u00e9r\u00e9ditaire : <\/h5>\n\n\n\n<p>Toute victime d&#8217;un dommage a le droit d&#8217;en obtenir r\u00e9paration de celui qui l&#8217;a caus\u00e9. Ce droit patrimonial est\ntransmissible \u00e0 ses h\u00e9ritiers. Le pr\u00e9judice r\u00e9parable doit \u00eatre direct et certain, en relation avec le fait dommageable.\n<\/p>\n\n\n\n<p>En l&#8217;esp\u00e8ce, contrairement \u00e0 ce qu&#8217;affirment les appelants, la chute de l&#8217;avion est un fait constant indiscutable, qui\nn&#8217;aurait pas d\u00fb arriver dans des circonstances normales de vol. Il convient donc de prendre en compte l&#8217;ensemble des\ncirconstances de l&#8217;accident, depuis le d\u00e9crochage a\u00e9rien, emportant perte brutale d&#8217;altitude et d\u00e9pressurisation de la\ncabine, jusqu&#8217;\u00e0 l&#8217;impact final. Par cons\u00e9quent, il ne peut \u00eatre argu\u00e9 d&#8217;un d\u00e9c\u00e8s instantan\u00e9 des passagers, qui ne\ntiendrait pas compte des quelques minutes aux cours desquelles ils ont n\u00e9cessairement \u00e9t\u00e9 confront\u00e9s \u00e0 la terreur du\nvertige de la chute, ainsi qu&#8217;\u00e0 l&#8217;angoisse puis la certitude de leur mort inexorable, g\u00e9n\u00e9rateurs de souffrances \u00e0 tout le\nmoins morales, qui ne sauraient \u00eatre qualifi\u00e9es d&#8217;hypoth\u00e9tiques.\n<\/p>\n\n\n\n<p>La cour estime que le tribunal a fait une juste appr\u00e9ciation du quantum de ce pr\u00e9judice liquid\u00e9 \u00e0 la somme de 20 000 \u20ac\n.\n<\/p>\n\n\n\n<h5 class=\"wp-block-heading\">Sur la vocation successorale des demandeurs :\n<\/h5>\n\n\n\n<p>Il convient d&#8217;observer que la vocation successorale et la part respective de Mme R. et Mme L. \u00e0 l&#8217;\u00e9gard de la somme\nallou\u00e9e du chef de Johan L., leur fils et fr\u00e8re d\u00e9c\u00e9d\u00e9 sans enfant, n&#8217;est pas contest\u00e9e \u00e0 titre subsidiaire par les\nappelants. Une fois les moyens rejet\u00e9s quant au principe de l&#8217;indemnisation de ce pr\u00e9judice, il convient de confirmer le\njugement de ce chef.\n<\/p>\n\n\n\n<p>Les appelants ne font de demandes subsidiaires que concernant l&#8217;assiette de la vocation successorale de Mme Ketty\nL., qui selon eux ne serait pas la seule enfant du d\u00e9funt G. LAURENT. Il leur appartient d&#8217;apporter \u00e0 la juridiction les\nmoyens de preuves sur lesquels ils fondent leur pr\u00e9tention. Le jugement d\u00e9claratif de d\u00e9c\u00e8s de M. G. LAURENT a \u00e9t\u00e9\n\u00e9tabli sur requ\u00eate du Minist\u00e8re Public \u00e0 destination de Mme R., Mme Ketty L., Mme L. C., M. Jean M., Mme M. \u00e9pouse\nC., Mlle Karina M., Mme Micha\u00eblla C., et Migu\u00e8le L.. Mme Ketty L. de son c\u00f4t\u00e9 produit un certificat d&#8217;h\u00e9r\u00e9dit\u00e9 la\nconcernant vis-\u00e0- vis de son p\u00e8re. A d\u00e9faut de toute autre pr\u00e9cision relativement au lien de parent\u00e9 entre ces\npersonnes tiers au pr\u00e9sent dossier, permettant de figurer leur vocation successorale et le jugement invoqu\u00e9 par les\nappelants, qui ne figure pas \u00e0 leurs pi\u00e8ces, et qui en tout \u00e9tat de cause, n&#8217;a jamais \u00e9t\u00e9 notifi\u00e9 ni m\u00eame communiqu\u00e9 \u00e0\nMme Ketty L. dans le cadre de cette proc\u00e9dure, en d\u00e9pit de la demande de cette derni\u00e8re dans ses derni\u00e8res\nconclusions, la cour ne dispose d&#8217;aucun \u00e9l\u00e9ment permettant de constater la pr\u00e9tendue contrari\u00e9t\u00e9 entre les deux\nd\u00e9cisions et de r\u00e9former le jugement pr\u00e9sentement d\u00e9f\u00e9r\u00e9 \u00e0 la cour.\n<\/p>\n\n\n\n<p>Les appelants conserveront la charge des d\u00e9pens d&#8217;appel. Et l&#8217;\u00e9quit\u00e9 commande de les condamner \u00e0 payer aux\nintim\u00e9es une indemnit\u00e9 de 1 500 \u20ac sur le fondement des dispositions de l&#8217;article 700 du code de proc\u00e9dure civile.\n<\/p>\n\n\n\n<h5 class=\"wp-block-heading\">PAR CES MOTIFS<\/h5>\n\n\n\n<p> La cour, statuant dans les limites de sa saisine ; Confirme le jugement d\u00e9f\u00e9r\u00e9 ; <\/p>\n\n\n\n<p>Condamne les appelants \u00e0 payer \u00e0 Mme R. et \u00e0 Mme Ketty L. la somme globale de 1 500 \u20ac , sur le fondement des\narticles 700 du code de proc\u00e9dure civile, ;\n<\/p>\n\n\n\n<p>Condamne les appelants aux d\u00e9pens d&#8217;appel ;\n<\/p>\n\n\n\n<p>Autorise la SELARL MATHURIN BELLIA &amp; ROTSEN\n<\/p>\n\n\n\n<p>&#8211; MEYSENDI \u00e0 recouvrer directement ceux des d\u00e9pens dont elle aurait fait l&#8217;avance sans en avoir re\u00e7u provision.\n<\/p>\n\n\n\n<p>Sign\u00e9 par Mme DERYCKERE, pr\u00e9sidente, et Mme SOUNDOROM greffi\u00e8re, lors du prononc\u00e9 auquel la minute a \u00e9t\u00e9\nremise.\n<\/p>\n\n\n\n<p>LA GREFFIERE, LA PRESIDENTE,\n<\/p>\n\n\n\n<p>Composition de la juridiction : Mme DERYCKERE,JURISTE &amp; Associ\u00e9s, SELARL Amcor, Alain MANVILLE, SELARL Mathurin Belia &amp; ROTSEN MEYZINDI, Alberte ROTSEN MEYZINDI, Me Alberte ROTSEN MEYZINDI D\u00e9cision attaqu\u00e9e : TGI Fort-de-France, Fort-de-France 2009-11-17 <\/p>\n\n\n\n<p class=\"has-text-align-center\">***<\/p>\n\n\n\n<h2 class=\"has-text-color wp-block-heading\" style=\"color:#c24747\" id=\"CA-22122012(2)\"><strong>III. CA FORT DE FRANCE CH. CIVILE, ARR\u00caT N\u00b010\/00643 (22\/12\/2012<\/strong>)<\/h2>\n\n\n\n<p>LA COMPAGNIE D&#8217;ASSURANCES ASEGURADORA COLSEGUROS <br>La SA WEST CARIBBEAN AIRWAYS SA <br>FELIPE NEGRET MOSQUERO <\/p>\n\n\n\n<p>C\/\n<\/p>\n\n\n\n<p>B.\n<\/p>\n\n\n\n<p>B.\n<\/p>\n\n\n\n<p>COUR D&#8217;APPEL DE FORT DE FRANCE <br>CHAMBRE CIVILE <\/p>\n\n\n\n<p>ARRET DU 14 DECEMBRE 2012\n<\/p>\n\n\n\n<p>D\u00e9cision d\u00e9f\u00e9r\u00e9e \u00e0 la cour : Jugement du Tribunal de Grande Instance de Fort de France, en date du 30 septembre\n2008, enregistr\u00e9 sous le n\u00b0 07\/118.\n<\/p>\n\n\n\n<h5 class=\"wp-block-heading\">APPELANTS :\n<\/h5>\n\n\n\n<p>LA COMPAGNIE D&#8217;ASSURANCES ASEGURADORA COLSEGUROS, prise en sa qualit\u00e9 d&#8217;assureur de la Compagnie WEST CARIBBEAN AIRWAYS, prise en la personne de son repr\u00e9sentant l\u00e9gal <br>Carera 13 A N\u00b029-24 Piso 17 Ala Sur <br>Santa f\u00e9 de bogota BOGOTA (COLOMBIE) <br>repr\u00e9sent\u00e9e par Me Alain MANVILLE, de la SELARL AMCOR JURISTE &amp; ASSOCIES, avocat au barreau de MARTINIQUE <\/p>\n\n\n\n<p>La SA WEST CARIBBEAN AIRWAYS SA, soci\u00e9t\u00e9 en liquidation. Calle 2, n\u00b087-15<br> Hangar 72 MEDILLIN COLOMBIE <br>repr\u00e9sent\u00e9e par Me Alain MANVILLE, de la SELARL AMCOR JURISTE &amp; ASSOCIES, avocats au barreau de MARTINIQUE <br>Ma\u00eetre FELIPE NEGRET MOSQUERA, es qualit\u00e9 de la WEST CAIBBEAN AIRWAYS Calle 70 A N\u00b06-24 Piso 2 BOGOTA COLOMBIE <br>repr\u00e9sent\u00e9 par Me Alain MANVILLE, de la SELARL AMCOR JURISTE &amp; ASSOCIES avocats au barreau de MARTINIQUE <\/p>\n\n\n\n<h5 class=\"wp-block-heading\">INTIMEES :\n<\/h5>\n\n\n\n<p>Madame Yolaine B., agissant tant en son nom propre qu&#8217;es qualit\u00e9 de repr\u00e9sentante l\u00e9gale de son enfant mineur Guy J. B., n\u00e9 le 24 novembre 1994 au Lamentin Bat 28 &#8211; Touloulou Porte 8 97280 VAUCLIN <br>SELARL MATHURIN BELIA &amp; ROTSEN MEYZINDI, avocats au barreau de MARTINIQUE <br>(b\u00e9n\u00e9ficie d&#8217;une aide juridictionnelle Totale num\u00e9ro 2010\/005780 du 27\/01\/2011 accord\u00e9e par le bureau d&#8217;aide juridictionnelle de FORT DE FRANCE) <\/p>\n\n\n\n<p>Mademoiselle Daniella B Bt 28 &#8211; Touloulou Porte 8 97280 LE VAUCLIN<br>repr\u00e9sent\u00e9e par Me Alberte ROTSEN MEYZINDI de la SELARL MATHURIN BELIA &amp; ROTSEN MEYZINDI, avocats au barreau de MARTINIQUE<br>(b\u00e9n\u00e9ficie d&#8217;une aide juridictionnelle Totale num\u00e9ro 2010\/005794 du 27\/01\/2011 accord\u00e9e par le bureau d&#8217;aide juridictionnelle de FORT DE FRANCE) <\/p>\n\n\n\n<h5 class=\"wp-block-heading\">COMPOSITION DE LA COUR :\n<\/h5>\n\n\n\n<p>Les parties ont \u00e9t\u00e9 autoris\u00e9es \u00e0 d\u00e9poser leur dossier le 12 octobre 2012 conform\u00e9ment aux dispositions de l&#8217;article\n779 alin\u00e9a 3 du code de proc\u00e9dure civile et inform\u00e9es en application de l&#8217;article 786-1 du m\u00eame code du nom des\nmagistrats amen\u00e9s \u00e0 d\u00e9lib\u00e9rer soit :\n<\/p>\n\n\n\n<p>Pr\u00e9sidente : Mme DERYCKERE, Conseill\u00e8re <br>Assesseur : Mme SUBIETA FORONDA, Conseill\u00e8re <br>Assesseur : Mme TRIOL, Conseill\u00e8re <\/p>\n\n\n\n<p>et de la date du prononc\u00e9 de l&#8217;arr\u00eat fix\u00e9e au 14 DECEMBRE 2012 <br>Greffi\u00e8re : lors des d\u00e9bats, Mme SOUNDOROM, <br><\/p>\n\n\n\n<h5 class=\"wp-block-heading\">ARR\u00caT: contradictoire, <\/h5>\n\n\n\n<p>prononc\u00e9 publiquement, par mise \u00e0 disposition au greffe de la cour, les parties en ayant \u00e9t\u00e9 pr\u00e9alablement avis\u00e9es\ndans les conditions pr\u00e9vues au deuxi\u00e8me alin\u00e9a de l&#8217;article 450 du code de proc\u00e9dure civile;\n<\/p>\n\n\n\n<h5 class=\"wp-block-heading\">FAITS, PROC\u00c9DURE, MOYENS ET PR\u00c9TENTIONS DES PARTIES<\/h5>\n\n\n\n<p>Par jugement du 30 septembre 2008, le tribunal de grande instance de Fort de France a condamn\u00e9 la compagnie d&#8217;assurance ASEGURADORA COLSEGUROS \u00e0 payer en r\u00e9paration du pr\u00e9judice subi du fait du d\u00e9c\u00e8s de M. Andr\u00e9 V. [sic] en r\u00e9alit\u00e9 Anicet V., dans l&#8217;accident d&#8217;avion survenu le 16 ao\u00fbt 2005 au V\u00e9n\u00e9zuela : <br>&#8211; \u00e0 Mme Yolaine B. \u00e0 titre personnel 15 000 \u20ac pour son pr\u00e9judice moral et 5 000 \u20ac pour son pr\u00e9judice \u00e9conomique, <br>&#8211; \u00e0 Mme B. en qualit\u00e9 de repr\u00e9sentante l\u00e9gale de ses enfants alors mineurs Daniella et Guy J., chacun 35 000 \u20ac au titre de leur pr\u00e9judice moral et 4 000 \u20ac en r\u00e9paration du pr\u00e9judice h\u00e9r\u00e9ditaire de souffrance de la victime, <br>&#8211; outre 2 000 \u20ac sur le fondement de l&#8217;article 700 du code de proc\u00e9dure civile. <\/p>\n\n\n\n<p>L&#8217;assureur, et Me Felipe NEGRET MOSQUERA en qualit\u00e9 de liquidateur de la SA WEST CARIBEAN AIRWAYS ont\ninterjet\u00e9 appel du jugement, par d\u00e9claration du 30 septembre 2010, uniquement des condamnations prononc\u00e9es au\ntitre du pr\u00e9judice h\u00e9r\u00e9ditaire.\n<\/p>\n\n\n\n<p>Par derni\u00e8res conclusions en date du 23 mai 2012, les appelants font valoir que ce pr\u00e9judice n&#8217;a pas pu entrer dans le\npatrimoine du d\u00e9funt, transmis aux ayants droit puisqu&#8217;il n&#8217;est qu&#8217;hypoth\u00e9tique et donc non r\u00e9parable. Ils ajoutent que\nl&#8217;accident ayant entra\u00een\u00e9 une mort instantan\u00e9e, le pr\u00e9judice moral du d\u00e9funt ne peut \u00eatre retenu. Subsidiairement, ils font\nobserver que le d\u00e9funt ayant 8 descendants, les enfants B. ne devraient pouvoir pr\u00e9tendre qu&#8217;\u00e0 une somme de 2 500 \u20ac\nchacunetnonpas4000\u20ac.\n<\/p>\n\n\n\n<p>Aux termes de leurs derni\u00e8res conclusions du 10 mars 2011, les intim\u00e9es, Mme Yolaine B. agissant tant en son nom\npropre qu&#8217;en qualit\u00e9 de repr\u00e9sentante l\u00e9gale de son fils mineur Guy J., et Mlle Daniella B. devenue majeure, demandent\n\u00e0 la cour de confirmer le principe de l&#8217;indemnisation d&#8217;un pr\u00e9judice h\u00e9r\u00e9ditaire de souffrance dans ce cas, en faisant\nvaloir qu&#8217;il est incontestable que dans le courant d&#8217;un crash d&#8217;avion, les passagers ont ressenti l&#8217;imminence de leur mort\navec le sentiment de panique et d&#8217;impuissance, et la conscience de quitter la vie avant son terme. Ce pr\u00e9judice moral\n\u00e9tant n\u00e9 avant le d\u00e9c\u00e8s, le droit personnel \u00e0 r\u00e9paration est entr\u00e9 dans le patrimoine de la victime et s&#8217;est transmis \u00e0 ses\nh\u00e9ritiers. Compte tenu du caract\u00e8re hors normes des circonstances du d\u00e9c\u00e8s, ils demandent \u00e0 titre reconventionnel de\nfixer ce pr\u00e9judice successoral \u00e0 la somme de 35 000 \u20ac et font valoir qu&#8217;il n&#8217;est pas d\u00e9montr\u00e9 que M. V. ait eu plus que 5\nenfants comme l&#8217;avait retenu le tribunal.\n<\/p>\n\n\n\n<h5 class=\"wp-block-heading\">MOTIFS<\/h5>\n\n\n\n<h5 class=\"wp-block-heading\">Sur le pr\u00e9judice h\u00e9r\u00e9ditaire : <\/h5>\n\n\n\n<p>Toute victime d&#8217;un dommage a le droit d&#8217;en obtenir r\u00e9paration de celui qui l&#8217;a caus\u00e9, droit patrimonial transmissible \u00e0 ses h\u00e9ritiers. Le pr\u00e9judice r\u00e9parable doit \u00eatre direct et certain, en relation avec le fait dommageable. <\/p>\n\n\n\n<p>En l&#8217;esp\u00e8ce, contrairement \u00e0 ce qu&#8217;affirment les appelants, la chute de l&#8217;avion est un fait constant indiscutable, qui\nn&#8217;aurait pas d\u00fb arriver dans des circonstances normales de vol. Il convient donc de prendre en compte l&#8217;ensemble des\ncirconstances de l&#8217;accident, depuis le d\u00e9crochage a\u00e9rien, emportant perte brutale d&#8217;altitude et d\u00e9pressurisation de la\ncabine, jusqu&#8217;\u00e0 l&#8217;impact final. Par cons\u00e9quent, il ne peut \u00eatre argu\u00e9 d&#8217;un d\u00e9c\u00e8s instantan\u00e9 des passagers, qui ne\ntiendrait pas compte des quelques minutes aux cours desquelles ils ont n\u00e9cessairement \u00e9t\u00e9 confront\u00e9s \u00e0 la terreur du\nvertige de la chute, ainsi qu&#8217;\u00e0 l&#8217;angoisse puis la certitude de leur mort inexorable, g\u00e9n\u00e9rateurs de souffrances \u00e0 tout le\nmoins morales, qui ne sauraient \u00eatre qualifi\u00e9es d&#8217;hypoth\u00e9tiques.\n<\/p>\n\n\n\n<p>La cour estime que le tribunal a fait une juste appr\u00e9ciation du quantum de ce pr\u00e9judice liquid\u00e9 \u00e0 la somme de 20 000 \u20ac\n.\n<\/p>\n\n\n\n<h5 class=\"wp-block-heading\">Sur la vocation successorale des demandeurs :\n<\/h5>\n\n\n\n<p>A titre subsidiaire, les appelants ne contestent pas la qualit\u00e9 d&#8217;h\u00e9ritiers de Daniella et Guy J. B. comme ayant \u00e9t\u00e9 les\nenfants naturels du d\u00e9funt Anicet V., mais leur part h\u00e9r\u00e9ditaire. Ils soutiennent que ce dernier a eu 8 enfants et non pas\n5 comme l&#8217;a retenu le tribunal. Ils produisent cependant la mauvaise photocopie d&#8217;un document \u00e0 l&#8217;ent\u00eate de la Ville du\nSaint Esprit, intitul\u00e9 Certificat d&#8217;H\u00e9r\u00e9dit\u00e9, non sign\u00e9, et non dat\u00e9 pr\u00e9tendant avoir \u00e9t\u00e9 \u00e9tabli \u00e0 la demande de Mme\nGabrielle C., \u00e9pouse de M. V., et mentionnant 6 enfants qui ne portent pas tous le nom du d\u00e9funt, et sans indication de\nleur date de naissance. Ce document non officiel et tronqu\u00e9 ne peut emporter la conviction de la cour, en raison au\nsurplus de la contradiction qu&#8217;il pr\u00e9sente \u00e0 la fois avec le jugement d\u00e9claratif de d\u00e9c\u00e8s qu&#8217;apr\u00e8s enqu\u00eate le parquet de\nFort de France a requis \u00e0 destination de l&#8217;\u00e9pouse et de trois enfants l\u00e9gitimes de M. V., et avec l&#8217;arr\u00eat rendu par cette\ncour qui a confirm\u00e9 la paternit\u00e9 de M. V. sur les enfants de Mme B. qui \u00e9tait contest\u00e9e par Mme C., indiquant elle\nm\u00eame que ce dernier a eu trois enfants.\n<\/p>\n\n\n\n<p>La part retenue par le tribunal en faveur de Daniella et Guy J. B. correspondant \u00e0 un cinqui\u00e8me de la r\u00e9paration du\npr\u00e9judice h\u00e9r\u00e9ditaire de souffrance, soit 4 000 \u20ac chacun sera donc confirm\u00e9e.\n<\/p>\n\n\n\n<p>Les appelants conserveront la charge des d\u00e9pens d&#8217;appel.\n<\/p>\n\n\n\n<h5 class=\"wp-block-heading\">PAR CES MOTIFS\n<\/h5>\n\n\n\n<p>La cour, statuant dans les limites de sa saisine ;\n<\/p>\n\n\n\n<p>Confirme le jugement d\u00e9f\u00e9r\u00e9 ;\n<\/p>\n\n\n\n<p>Condamne les appelants aux d\u00e9pens d&#8217;appel ;\n<\/p>\n\n\n\n<p>Autorise la SELARL MATHURIN BELLIA &amp; ROTSEN MEYSENDI \u00e0 recouvrer directement ceux des d\u00e9pens dont elle\naurait fait l&#8217;avance sans en avoir re\u00e7u provision.\n<\/p>\n\n\n\n<p>Sign\u00e9 par Mme DERYCKERE, pr\u00e9sidente, et Mme SOUNDOROM greffi\u00e8re, lors du prononc\u00e9 auquel la minute a \u00e9t\u00e9\nremise.\n<\/p>\n\n\n\n<p>LA GREFFIERE, LA PRESIDENTE,\n<\/p>\n\n\n\n<p>Composition de la juridiction : Mme DERYCKERE,JURISTE &amp; Associ\u00e9s, SELARL Amcor, Alain MANVILLE,\nSELARL Mathurin Belia &amp; ROTSEN MEYZINDI, Me Alberte ROTSEN MEYZINDI<br>\nD\u00e9cision attaqu\u00e9e : TGI Fort-de-France, Fort-de-France 2008-09-30\n<\/p>\n\n\n\n<p class=\"has-text-align-center\">***<\/p>\n\n\n\n<h2 class=\"has-text-color CA-18012013 wp-block-heading\" style=\"color:#c24747\"><strong>IV. CA FORT DE FRANCE CH. CIVILE,<\/strong> <strong>ARR\u00caT<\/strong> <strong>N\u00b010\/00645 (<\/strong>1<strong>8\/01\/2013)<\/strong>  <\/h2>\n\n\n\n<p>LA COMPAGNIE D&#8217;ASSURANCES ASEGURADORA COLSEGUROS\n<\/p>\n\n\n\n<p>La SA WEST CARIBBEAN AIRWAYS SA\n<\/p>\n\n\n\n<p>FELIPE NEGRET MOSQUERO\n<\/p>\n\n\n\n<p>C\/\n<\/p>\n\n\n\n<p>L.\n<\/p>\n\n\n\n<p>COUR D&#8217;APPEL DE FORT DE FRANCE <br>CHAMBRE CIVILE <br>ARR\u00caT DU 18 JANVIER 2013 <\/p>\n\n\n\n<p>D\u00e9cision d\u00e9f\u00e9r\u00e9e \u00e0 la cour : Jugement du juge du Tribunal de Grande Instance de Fort de France, en date du 30\nSeptembre 2008, enregistr\u00e9 sous le n\u00b0 07\/1645.\n<\/p>\n\n\n\n<h5 class=\"wp-block-heading\">APPELANTS :\n<\/h5>\n\n\n\n<p>LA COMPAGNIE D&#8217;ASSURANCES ASEGURADORA COLSEGUROS, prise en sa qualit\u00e9 d&#8217;assureur de la Compagnie WEST CARIBBEAN AIRWAYS, prise en la personne de son repr\u00e9sentant l\u00e9gal <br>Carera 13 A N\u00b029-24 Piso 17 Ala Sur <br>Santa f\u00e9 de bogota BOGOTA (COLOMBIE) <br>repr\u00e9sent\u00e9e par Me Alain MANVILLE de la SELARL AMCOR JURISTE &amp; ASSOCIES, avocats au barreau de MARTINIQUE <\/p>\n\n\n\n<p>LA SA WEST CARIBBEAN AIRWAYS SA, soci\u00e9t\u00e9 en liquidation. Calle 2, n\u00b087-15<br> Hangar 72 MEDILLIN COLOMBIE <br>repr\u00e9sent\u00e9e par Me Alain MANVILLE de la SELARL AMCOR JURISTE &amp; ASSOCIES, avocats au barreau de MARTINIQUE <br>Ma\u00eetre FELIPE NEGRET MOSQUERO, es qualit\u00e9s de mandataire liquidateur de la Soci\u00e9t\u00e9 WEST CAIBBEAN AIRWAYS <br>Calle 70 A N\u00b06-24 Piso 2 BOGOTA COLOMBIE <br>repr\u00e9sent\u00e9 par Me Alain MANVILLE de la SELARL AMCOR JURISTE &amp; ASSOCIES, avocats au barreau de MARTINIQUE <\/p>\n\n\n\n<h5 class=\"wp-block-heading\">INTIMEE :\n<\/h5>\n\n\n\n<p>Madame Migu\u00e8le L., agissant in personam et \u00e8s qualit\u00e9s de repr\u00e9sentante l\u00e9gale de son fils mineur Gr\u00e9gory Jean Pascal L. Les Hauts de Dillon &#8211; B\u00e2t. 5 &#8211; Porte 4 97200 FORT DE FRANCE <br>repr\u00e9sent\u00e9e par Me Marl\u00e8ne CUPIT, avocat au barreau de MARTINIQUE <br>(b\u00e9n\u00e9ficie d&#8217;une aide juridictionnelle Totale num\u00e9ro 2011\/002870 du 19\/07\/2011 accord\u00e9e par le bureau d&#8217;aide juridictionnelle de FORT DE FRANCE) <\/p>\n\n\n\n<h5 class=\"wp-block-heading\">COMPOSITION DE LA COUR :\n<\/h5>\n\n\n\n<p>L&#8217;affaire a \u00e9t\u00e9 d\u00e9battue le 26 octobre 2012 en audience publique, devant la cour compos\u00e9e de : <br>M. FAU, Pr\u00e9sident de Chambre, <br>Mme DERYCKERE, Conseill\u00e8re charg\u00e9e du rapport <br>M. CHEVRIER, Conseiller <br>qui en ont d\u00e9lib\u00e9r\u00e9, les parties ayant \u00e9t\u00e9 avis\u00e9es de la date du prononc\u00e9 de l&#8217;arr\u00eat fix\u00e9e au 18 JANVIER 2013. <br>GREFFIER : lors des d\u00e9bats, Mme S., <\/p>\n\n\n\n<h5 class=\"wp-block-heading\">ARR\u00caT: contradictoire,\n<\/h5>\n\n\n\n<p>prononc\u00e9 publiquement, par mise \u00e0 disposition au greffe de la cour, les parties en ayant \u00e9t\u00e9 pr\u00e9alablement avis\u00e9es\ndans les conditions pr\u00e9vues au deuxi\u00e8me alin\u00e9a de l&#8217;article 450 du code de proc\u00e9dure civile;\n<\/p>\n\n\n\n<h5 class=\"wp-block-heading\">FAITS, PROC\u00c9DURE, MOYENS ET PR\u00c9TENTIONS DES PARTIES\n<\/h5>\n\n\n\n<p>Par jugement du 30 septembre 2008, rectifi\u00e9 le 19 novembre 2009, le tribunal de grande instance de Fort de France a\ncondamn\u00e9 la compagnie d&#8217;assurance ASEGURADORA COLSEGUROS \u00e0 payer en r\u00e9paration du pr\u00e9judice subi du\nfait du d\u00e9c\u00e8s de M G. LAURENT et de son fils Johan L., dans l&#8217;accident d&#8217;avion survenu le 16 ao\u00fbt 2005 au Venezuela,\ndes sommes au titre de divers postes de pr\u00e9judices, parmi lesquels \u00e0 Mme Migu\u00e8le L. 43 000 \u20ac en r\u00e9paration de son\npr\u00e9judice moral, 15 000 \u20ac en r\u00e9paration du pr\u00e9judice \u00e9conomique, et 5 000 \u20ac en r\u00e9paration du pr\u00e9judice h\u00e9r\u00e9ditaire\nsubi par son p\u00e8re G. LAURENT.\n<\/p>\n\n\n\n<p>L&#8217;assureur, et Me Felipe NEGRET MOSQUERA en qualit\u00e9 de liquidateur de la SA WEST CARIBEAN AIRWAYS ont\npar d\u00e9claration du 30 septembre 2010, interjet\u00e9 appel du jugement, express\u00e9ment limit\u00e9 \u00e0 ce chef condamnation\nprononc\u00e9e au titre du pr\u00e9judice h\u00e9r\u00e9ditaire.\n<\/p>\n\n\n\n<p>Par derni\u00e8res conclusions en date du 8 f\u00e9vrier 2012, les appelants font valoir que ce pr\u00e9judice n&#8217;a pas pu entrer dans le\npatrimoine du d\u00e9funt, transmis aux ayants droit, le d\u00e9c\u00e8s ayant \u00e9t\u00e9 instantan\u00e9, et ce pr\u00e9judice \u00e9tant au surplus\nhypoth\u00e9tique et donc non r\u00e9parable.\n<\/p>\n\n\n\n<p>Subsidiairement, ils font observer que le pr\u00e9judice successoral a \u00e9t\u00e9 \u00e9valu\u00e9 forfaitairement \u00e0 20 000 \u20ac, et qu&#8217;il appartient \u00e0 la demanderesse de d\u00e9montrer l&#8217;\u00e9tendue de son droit successoral, ce qu&#8217;elle ne fait pas par la production d&#8217;un certificat d&#8217;h\u00e9r\u00e9dit\u00e9. <\/p>\n\n\n\n<p>Or, le nombre d&#8217;h\u00e9ritiers est incertain, puisque arr\u00eat\u00e9 \u00e0 4 selon le jugement alors qu&#8217;un autre du m\u00eame jour rendu \u00e9galement du chef de G. LAURENT alloue une somme de 20 000 \u20ac \u00e0 Ketty L. en qualit\u00e9 de seule h\u00e9riti\u00e8re ce qui cr\u00e9e une contradiction dans la d\u00e9volution successorale de l&#8217;indemnit\u00e9 h\u00e9r\u00e9ditaire. <\/p>\n\n\n\n<p>Aux termes de leurs derni\u00e8res conclusions du 10 novembre 2001, Mme Migu\u00e8le L., fait valoir sur le principe de l&#8217;indemnisation d&#8217;un pr\u00e9judice h\u00e9r\u00e9ditaire de souffrance dans ce cas, qu&#8217;il est incontestable que dans le courant d&#8217;un crash d&#8217;avion, les passagers ont ressenti la souffrance atroce de se voir mourir. <\/p>\n\n\n\n<p>Ce pr\u00e9judice moral \u00e9tant n\u00e9 avant le d\u00e9c\u00e8s, le droit personnel \u00e0 r\u00e9paration est entr\u00e9 dans le patrimoine de la victime et s&#8217;est transmis \u00e0 ses h\u00e9ritiers. En ce qui concerne le quantum, elle fait valoir qu&#8217;elle d\u00e9montre suffisamment sa qualit\u00e9 d&#8217;h\u00e9riti\u00e8re, qu&#8217;elle n&#8217;a pas \u00e0 produire de certificat d&#8217;h\u00e9r\u00e9dit\u00e9, et que le tribunal a mal appr\u00e9ci\u00e9 la situation en lui allouant 5 000 \u20ac seulement. Elle r\u00e9clame 30 000 \u20ac pour elle. Outre une indemnit\u00e9 de 2 000 \u20ac au titre de l&#8217;article 37 de la loi du 10 juillet 1991. <\/p>\n\n\n\n<h5 class=\"wp-block-heading\">MOTIFS\n<\/h5>\n\n\n\n<h5 class=\"wp-block-heading\">Sur le principe du pr\u00e9judice h\u00e9r\u00e9ditaire :\n<\/h5>\n\n\n\n<p>Toute victime d&#8217;un dommage a le droit d&#8217;en obtenir r\u00e9paration de celui qui l&#8217;a caus\u00e9. Ce droit patrimonial est\ntransmissible \u00e0 ses h\u00e9ritiers. Le pr\u00e9judice r\u00e9parable doit \u00eatre direct et certain, en relation avec le fait dommageable.\n<\/p>\n\n\n\n<p>En l&#8217;esp\u00e8ce, contrairement \u00e0 ce qu&#8217;affirment les appelants, la chute de l&#8217;avion est un fait constant indiscutable, qui n&#8217;aurait pas d\u00fb arriver dans des circonstances normales de vol. <\/p>\n\n\n\n<p>Il convient donc de prendre en compte l&#8217;ensemble des circonstances de l&#8217;accident, depuis le d\u00e9crochage a\u00e9rien, emportant perte brutale d&#8217;altitude et d\u00e9pressurisation de la cabine, jusqu&#8217;\u00e0 l&#8217;impact final. <\/p>\n\n\n\n<p>Par cons\u00e9quent, il ne peut \u00eatre argu\u00e9 d&#8217;un d\u00e9c\u00e8s instantan\u00e9 des passagers, qui ne tiendrait pas compte des quelques minutes aux cours desquelles ils ont n\u00e9cessairement \u00e9t\u00e9 confront\u00e9s \u00e0 la terreur du vertige de la chute, ainsi qu&#8217;\u00e0 l&#8217;angoisse puis la certitude de leur mort inexorable, g\u00e9n\u00e9rateurs de souffrances \u00e0 tout le moins morales, qui ne sauraient \u00eatre qualifi\u00e9es d&#8217;hypoth\u00e9tiques. <\/p>\n\n\n\n<p>La cour estime que le tribunal a fait une juste appr\u00e9ciation du quantum de ce pr\u00e9judice liquid\u00e9 \u00e0 la somme de 20 000 \u20ac.\nSur la vocation successorale de la demanderesse :\n<\/p>\n\n\n\n<p>Il convient d&#8217;observer que la vocation successorale de Mme L. n&#8217;est pas critiqu\u00e9e en tant que telle. Elle avait d&#8217;ailleurs\n\u00e9t\u00e9 retenue par le tribunal au vu de l&#8217;acte de naissance de\n<\/p>\n\n\n\n<p>Mme Migu\u00e8le L. \u00e9tablissant qu&#8217;elle \u00e9tait la fille du d\u00e9funt.\n<\/p>\n\n\n\n<p>Les premiers juges ont par ailleurs calcul\u00e9 sa vocation h\u00e9r\u00e9ditaire \u00e0 raison d&#8217;un quart, au vu des mentions figurant aux\nconclusions des d\u00e9fendeurs, citant les trois autres enfants de M. L., qui ont transig\u00e9 directement l&#8217;indemnisation de\nleurs pr\u00e9judices avec la compagnie d&#8217;assurance. Mme Migu\u00e8le L. n&#8217;a pas contest\u00e9 la vocation h\u00e9r\u00e9ditaire de ces co\nh\u00e9ritiers, et aucune des parties ne fournit \u00e0 la cour le moindre document permettant de contredire l&#8217;appr\u00e9ciation du\ntribunal. Quant au jugement invoqu\u00e9 par les appelants, il n&#8217;est pas opposable \u00e0 l&#8217;appelante. La cour ne dispose au\npr\u00e9sent dossier, et contradictoirement, d&#8217;aucun \u00e9l\u00e9ment permettant de constater la pr\u00e9tendue contrari\u00e9t\u00e9 entre les deux\nd\u00e9cisions et de r\u00e9former le jugement pr\u00e9sentement d\u00e9f\u00e9r\u00e9 \u00e0 la cour.\n<\/p>\n\n\n\n<p>Les appelants conserveront la charge des d\u00e9pens d&#8217;appel.\n<\/p>\n\n\n\n<p>Mme L., qui b\u00e9n\u00e9ficie de l&#8217;aide juridictionnelle ne justifie pas des frais suppl\u00e9mentaires qu&#8217;elle aurait \u00e9t\u00e9 contrainte d&#8217;assumer personnellement. Sa demande fond\u00e9e sur l&#8217;article 37 de la loi du 10 juillet 1991 sera rejet\u00e9e. <\/p>\n\n\n\n<h5 class=\"wp-block-heading\">PAR CES MOTIFS<\/h5>\n\n\n\n<p> La cour, statuant dans les limites de sa saisine,<br> Confirme le jugement d\u00e9f\u00e9r\u00e9,<br> Rejette la demande fond\u00e9e sur l&#8217;article 37 de la loi du 10 juillet 1991,<br> Condamne les appelants aux d\u00e9pens d&#8217;appel.<br> Sign\u00e9 par M. FAU, pr\u00e9sident de chambre, et Mme RIBAL, greffi\u00e8re, lors du prononc\u00e9, auquel la minute a \u00e9t\u00e9 remise. LA GREFFIERE, LE PRESIDENT, <\/p>\n\n\n\n<p>Composition de la juridiction : M. FAU,JURISTE &amp; Associ\u00e9s, SELARL Amcor, Alain MANVILLE, Me Marl\u00e8ne\nCUPIT\n<\/p>\n\n\n\n<p>D\u00e9cision attaqu\u00e9e : TGI Fort-de-France, Fort-de-France 2008-09-30 <\/p>\n\n\n\n<p class=\"has-text-align-center CA-19042013\">***<\/p>\n\n\n\n<h2 class=\"has-text-color wp-block-heading\" style=\"color:#c24747\" id=\"CA-19042013\"><strong>V. CA FORT DE FRANCE CH. CIVILE,<\/strong> <strong>ARR\u00caT<\/strong> <strong>N\u00b010\/00634 (<\/strong>1<strong>9\/04\/2013)<\/strong><\/h2>\n\n\n\n<figure class=\"wp-block-image size-large\"><img loading=\"lazy\" decoding=\"async\" width=\"724\" height=\"1024\" src=\"http:\/\/www.weissbergavocats.com\/wp-content\/uploads\/2019\/12\/20130419.Carribean-Airways-Cour_du0027appel_Fort-de-France_Chambre_ci-1-scaled-724x1024.jpg\" alt=\"Indemnisation West Carribean Airways : Jugement du TGI de Fort-de-France en date du 30 septembre 2008 (1)\" class=\"wp-image-2222\" srcset=\"https:\/\/www.weissbergavocats.com\/wp-content\/uploads\/2019\/12\/20130419.Carribean-Airways-Cour_du0027appel_Fort-de-France_Chambre_ci-1-scaled-724x1024.jpg 724w, https:\/\/www.weissbergavocats.com\/wp-content\/uploads\/2019\/12\/20130419.Carribean-Airways-Cour_du0027appel_Fort-de-France_Chambre_ci-1-scaled-212x300.jpg 212w, https:\/\/www.weissbergavocats.com\/wp-content\/uploads\/2019\/12\/20130419.Carribean-Airways-Cour_du0027appel_Fort-de-France_Chambre_ci-1-scaled-768x1086.jpg 768w, https:\/\/www.weissbergavocats.com\/wp-content\/uploads\/2019\/12\/20130419.Carribean-Airways-Cour_du0027appel_Fort-de-France_Chambre_ci-1-1086x1536.jpg 1086w, https:\/\/www.weissbergavocats.com\/wp-content\/uploads\/2019\/12\/20130419.Carribean-Airways-Cour_du0027appel_Fort-de-France_Chambre_ci-1-1448x2048.jpg 1448w, https:\/\/www.weissbergavocats.com\/wp-content\/uploads\/2019\/12\/20130419.Carribean-Airways-Cour_du0027appel_Fort-de-France_Chambre_ci-1-1000x1414.jpg 1000w, https:\/\/www.weissbergavocats.com\/wp-content\/uploads\/2019\/12\/20130419.Carribean-Airways-Cour_du0027appel_Fort-de-France_Chambre_ci-1-scaled.jpg 1810w\" sizes=\"auto, (max-width: 724px) 100vw, 724px\" \/><\/figure>\n\n\n\n<figure class=\"wp-block-image size-large\"><img loading=\"lazy\" decoding=\"async\" width=\"724\" height=\"1024\" src=\"http:\/\/www.weissbergavocats.com\/wp-content\/uploads\/2019\/12\/20130419.Carribean-Airways-Cour_du0027appel_Fort-de-France_Chambre_ci-2-scaled-724x1024.jpg\" alt=\"Indemnisation West Carribean Airways : Jugement du TGI de Fort-de-France en date du 30 septembre 2008 (1)\" class=\"wp-image-2224\" srcset=\"https:\/\/www.weissbergavocats.com\/wp-content\/uploads\/2019\/12\/20130419.Carribean-Airways-Cour_du0027appel_Fort-de-France_Chambre_ci-2-scaled-724x1024.jpg 724w, https:\/\/www.weissbergavocats.com\/wp-content\/uploads\/2019\/12\/20130419.Carribean-Airways-Cour_du0027appel_Fort-de-France_Chambre_ci-2-scaled-212x300.jpg 212w, https:\/\/www.weissbergavocats.com\/wp-content\/uploads\/2019\/12\/20130419.Carribean-Airways-Cour_du0027appel_Fort-de-France_Chambre_ci-2-scaled-768x1086.jpg 768w, https:\/\/www.weissbergavocats.com\/wp-content\/uploads\/2019\/12\/20130419.Carribean-Airways-Cour_du0027appel_Fort-de-France_Chambre_ci-2-1086x1536.jpg 1086w, https:\/\/www.weissbergavocats.com\/wp-content\/uploads\/2019\/12\/20130419.Carribean-Airways-Cour_du0027appel_Fort-de-France_Chambre_ci-2-1448x2048.jpg 1448w, https:\/\/www.weissbergavocats.com\/wp-content\/uploads\/2019\/12\/20130419.Carribean-Airways-Cour_du0027appel_Fort-de-France_Chambre_ci-2-1000x1414.jpg 1000w, https:\/\/www.weissbergavocats.com\/wp-content\/uploads\/2019\/12\/20130419.Carribean-Airways-Cour_du0027appel_Fort-de-France_Chambre_ci-2-scaled.jpg 1810w\" sizes=\"auto, (max-width: 724px) 100vw, 724px\" \/><\/figure>\n\n\n\n<figure class=\"wp-block-image size-large\"><img loading=\"lazy\" decoding=\"async\" width=\"724\" height=\"1024\" src=\"http:\/\/www.weissbergavocats.com\/wp-content\/uploads\/2019\/12\/20130419.Carribean-Airways-Cour_du0027appel_Fort-de-France_Chambre_ci-3-1-scaled-724x1024.jpg\" alt=\"Indemnisation West Carribean Airways : Jugement du TGI de Fort-de-France en date du 30 septembre 2008 (3)\" class=\"wp-image-2225\" srcset=\"https:\/\/www.weissbergavocats.com\/wp-content\/uploads\/2019\/12\/20130419.Carribean-Airways-Cour_du0027appel_Fort-de-France_Chambre_ci-3-1-scaled-724x1024.jpg 724w, https:\/\/www.weissbergavocats.com\/wp-content\/uploads\/2019\/12\/20130419.Carribean-Airways-Cour_du0027appel_Fort-de-France_Chambre_ci-3-1-scaled-212x300.jpg 212w, https:\/\/www.weissbergavocats.com\/wp-content\/uploads\/2019\/12\/20130419.Carribean-Airways-Cour_du0027appel_Fort-de-France_Chambre_ci-3-1-scaled-768x1086.jpg 768w, https:\/\/www.weissbergavocats.com\/wp-content\/uploads\/2019\/12\/20130419.Carribean-Airways-Cour_du0027appel_Fort-de-France_Chambre_ci-3-1-1086x1536.jpg 1086w, https:\/\/www.weissbergavocats.com\/wp-content\/uploads\/2019\/12\/20130419.Carribean-Airways-Cour_du0027appel_Fort-de-France_Chambre_ci-3-1-1448x2048.jpg 1448w, https:\/\/www.weissbergavocats.com\/wp-content\/uploads\/2019\/12\/20130419.Carribean-Airways-Cour_du0027appel_Fort-de-France_Chambre_ci-3-1-1000x1414.jpg 1000w, https:\/\/www.weissbergavocats.com\/wp-content\/uploads\/2019\/12\/20130419.Carribean-Airways-Cour_du0027appel_Fort-de-France_Chambre_ci-3-1-scaled.jpg 1810w\" sizes=\"auto, (max-width: 724px) 100vw, 724px\" \/><\/figure>\n\n\n\n<figure class=\"wp-block-image size-large\"><img loading=\"lazy\" decoding=\"async\" width=\"724\" height=\"1024\" src=\"http:\/\/www.weissbergavocats.com\/wp-content\/uploads\/2019\/12\/20130419.Carribean-Airways-Cour_du0027appel_Fort-de-France_Chambre_ci-4-scaled-724x1024.jpg\" alt=\"Indemnisation West Carribean Airways : Jugement du TGI de Fort-de-France en date du 30 septembre 2008 (4)\" class=\"wp-image-2210\" srcset=\"https:\/\/www.weissbergavocats.com\/wp-content\/uploads\/2019\/12\/20130419.Carribean-Airways-Cour_du0027appel_Fort-de-France_Chambre_ci-4-scaled-724x1024.jpg 724w, https:\/\/www.weissbergavocats.com\/wp-content\/uploads\/2019\/12\/20130419.Carribean-Airways-Cour_du0027appel_Fort-de-France_Chambre_ci-4-scaled-212x300.jpg 212w, https:\/\/www.weissbergavocats.com\/wp-content\/uploads\/2019\/12\/20130419.Carribean-Airways-Cour_du0027appel_Fort-de-France_Chambre_ci-4-scaled-768x1086.jpg 768w, https:\/\/www.weissbergavocats.com\/wp-content\/uploads\/2019\/12\/20130419.Carribean-Airways-Cour_du0027appel_Fort-de-France_Chambre_ci-4-1086x1536.jpg 1086w, https:\/\/www.weissbergavocats.com\/wp-content\/uploads\/2019\/12\/20130419.Carribean-Airways-Cour_du0027appel_Fort-de-France_Chambre_ci-4-1448x2048.jpg 1448w, https:\/\/www.weissbergavocats.com\/wp-content\/uploads\/2019\/12\/20130419.Carribean-Airways-Cour_du0027appel_Fort-de-France_Chambre_ci-4-1000x1414.jpg 1000w, https:\/\/www.weissbergavocats.com\/wp-content\/uploads\/2019\/12\/20130419.Carribean-Airways-Cour_du0027appel_Fort-de-France_Chambre_ci-4-scaled.jpg 1810w\" sizes=\"auto, (max-width: 724px) 100vw, 724px\" \/><\/figure>\n\n\n\n<figure class=\"wp-block-image size-large\"><img loading=\"lazy\" decoding=\"async\" width=\"724\" height=\"1024\" src=\"http:\/\/www.weissbergavocats.com\/wp-content\/uploads\/2019\/12\/20130419.Carribean-Airways-Cour_du0027appel_Fort-de-France_Chambre_ci-5-scaled-724x1024.jpg\" alt=\"Indemnisation West Carribean Airways : Jugement du TGI de Fort-de-France en date du 30 septembre 2008 (5)\" class=\"wp-image-2211\" srcset=\"https:\/\/www.weissbergavocats.com\/wp-content\/uploads\/2019\/12\/20130419.Carribean-Airways-Cour_du0027appel_Fort-de-France_Chambre_ci-5-scaled-724x1024.jpg 724w, https:\/\/www.weissbergavocats.com\/wp-content\/uploads\/2019\/12\/20130419.Carribean-Airways-Cour_du0027appel_Fort-de-France_Chambre_ci-5-scaled-212x300.jpg 212w, https:\/\/www.weissbergavocats.com\/wp-content\/uploads\/2019\/12\/20130419.Carribean-Airways-Cour_du0027appel_Fort-de-France_Chambre_ci-5-scaled-768x1086.jpg 768w, https:\/\/www.weissbergavocats.com\/wp-content\/uploads\/2019\/12\/20130419.Carribean-Airways-Cour_du0027appel_Fort-de-France_Chambre_ci-5-1086x1536.jpg 1086w, https:\/\/www.weissbergavocats.com\/wp-content\/uploads\/2019\/12\/20130419.Carribean-Airways-Cour_du0027appel_Fort-de-France_Chambre_ci-5-1448x2048.jpg 1448w, https:\/\/www.weissbergavocats.com\/wp-content\/uploads\/2019\/12\/20130419.Carribean-Airways-Cour_du0027appel_Fort-de-France_Chambre_ci-5-1000x1414.jpg 1000w, https:\/\/www.weissbergavocats.com\/wp-content\/uploads\/2019\/12\/20130419.Carribean-Airways-Cour_du0027appel_Fort-de-France_Chambre_ci-5-scaled.jpg 1810w\" sizes=\"auto, (max-width: 724px) 100vw, 724px\" \/><\/figure>\n\n\n\n<figure class=\"wp-block-image size-large\"><img loading=\"lazy\" decoding=\"async\" width=\"724\" height=\"1024\" src=\"http:\/\/www.weissbergavocats.com\/wp-content\/uploads\/2019\/12\/20130419.Carribean-Airways-Cour_du0027appel_Fort-de-France_Chambre_ci-6-scaled-724x1024.jpg\" alt=\"Indemnisation West Carribean Airways : Jugement du TGI de Fort-de-France en date du 30 septembre 2008 (6)\" class=\"wp-image-2212\" srcset=\"https:\/\/www.weissbergavocats.com\/wp-content\/uploads\/2019\/12\/20130419.Carribean-Airways-Cour_du0027appel_Fort-de-France_Chambre_ci-6-scaled-724x1024.jpg 724w, https:\/\/www.weissbergavocats.com\/wp-content\/uploads\/2019\/12\/20130419.Carribean-Airways-Cour_du0027appel_Fort-de-France_Chambre_ci-6-scaled-212x300.jpg 212w, https:\/\/www.weissbergavocats.com\/wp-content\/uploads\/2019\/12\/20130419.Carribean-Airways-Cour_du0027appel_Fort-de-France_Chambre_ci-6-scaled-768x1086.jpg 768w, https:\/\/www.weissbergavocats.com\/wp-content\/uploads\/2019\/12\/20130419.Carribean-Airways-Cour_du0027appel_Fort-de-France_Chambre_ci-6-scaled.jpg 1810w\" sizes=\"auto, (max-width: 724px) 100vw, 724px\" \/><\/figure>\n\n\n\n<figure class=\"wp-block-image size-large\"><img loading=\"lazy\" decoding=\"async\" width=\"724\" height=\"1024\" src=\"http:\/\/www.weissbergavocats.com\/wp-content\/uploads\/2019\/12\/20130419.Carribean-Airways-Cour_du0027appel_Fort-de-France_Chambre_ci-7-2-scaled-724x1024.jpg\" alt=\"Indemnisation West Carribean Airways : Jugement du TGI de Fort-de-France en date du 30 septembre 2008 (7)\" class=\"wp-image-2237\" srcset=\"https:\/\/www.weissbergavocats.com\/wp-content\/uploads\/2019\/12\/20130419.Carribean-Airways-Cour_du0027appel_Fort-de-France_Chambre_ci-7-2-scaled-724x1024.jpg 724w, https:\/\/www.weissbergavocats.com\/wp-content\/uploads\/2019\/12\/20130419.Carribean-Airways-Cour_du0027appel_Fort-de-France_Chambre_ci-7-2-scaled-212x300.jpg 212w, https:\/\/www.weissbergavocats.com\/wp-content\/uploads\/2019\/12\/20130419.Carribean-Airways-Cour_du0027appel_Fort-de-France_Chambre_ci-7-2-scaled-768x1086.jpg 768w, https:\/\/www.weissbergavocats.com\/wp-content\/uploads\/2019\/12\/20130419.Carribean-Airways-Cour_du0027appel_Fort-de-France_Chambre_ci-7-2-scaled.jpg 1810w\" sizes=\"auto, (max-width: 724px) 100vw, 724px\" \/><\/figure>\n\n\n\n<p class=\"has-text-align-center\">***<\/p>\n\n\n\n<h2 class=\"has-text-color wp-block-heading\" style=\"color:#c24747\" id=\"CA-07062013\"><strong>VI. CA FORT DE FRANCE CH. CIVILE,<\/strong> <strong>ARR\u00caT<\/strong> <strong>N\u00b010\/00667 (<\/strong>07<strong>\/06\/2013)<\/strong>  <\/h2>\n\n\n\n<p>G.\n<\/p>\n\n\n\n<p>C\/\n<\/p>\n\n\n\n<p>COMPAGNIE D&#8217;ASSURANCES ASEGURADORA COLSEGUROS <br>SA WEST CARIBBEAN AIRWAYS <br>FELIPE N. M. <\/p>\n\n\n\n<p>Contentieux Judiciaire\n<strong>Num\u00e9ro JurisData : <\/strong>2013-024118\n<\/p>\n\n\n\n<p>COUR D&#8217;APPEL DE FORT DE FRANCE <br>CHAMBRE CIVILE <br>ARRET DU 07 JUIN 2013 <br>D\u00e9cision d\u00e9f\u00e9r\u00e9e \u00e0 la cour : Jugement du Tribunal de Grande Instance de Fort-de-France, en date du 15 D\u00e9cembre 2009, enregistr\u00e9 sous le n\u00b0 07\/01725. <\/p>\n\n\n\n<p>APPELANT :\n<\/p>\n\n\n\n<p>Monsieur Henri Augustin G.\n<\/p>\n\n\n\n<p>repr\u00e9sent\u00e9 de Me Laurence H. O.-L., avocat au barreau de MARTINIQUE\n<\/p>\n\n\n\n<p>(b\u00e9n\u00e9ficie d&#8217;une aide juridictionnelle Totale num\u00e9ro 2012\/003629 du 18\/09\/2012 accord\u00e9e par le bureau d&#8217;aide\njuridictionnelle de FORT DE FRANCE)\n<\/p>\n\n\n\n<h5 class=\"wp-block-heading\">INTIMES :\n<\/h5>\n\n\n\n<p>COMPAGNIE D&#8217;ASSURANCES ASEGURADORA COLSEGUROS, prise en la personne de son repr\u00e9sentant l\u00e9gal <br>represent\u00e9e de Me Alain M., avocat au barreau de MARTINIQUE <\/p>\n\n\n\n<p>SA WEST CARIBBEAN AIRWAYS <br>repr\u00e9sent\u00e9e par Me Alain M., avocat au barreau de MARTINIQUE <br>Ma\u00eetre FELIPE N. M., es qualit\u00e9 de mandataire liquidateur de la Soci\u00e9t\u00e9 West Caribbean Airways <br>repr\u00e9sent\u00e9e par Me Alain M., avocat au barreau de MARTINIQUE <\/p>\n\n\n\n<h5 class=\"wp-block-heading\">COMPOSITION DE LA COUR :\n<\/h5>\n\n\n\n<p>En application des dispositions des articles 786 et 910 du code de proc\u00e9dure civile, l&#8217;affaire a \u00e9t\u00e9 d\u00e9battue \u00e0 l&#8217;audience publique du 12 avril 2013, les avocats ne s&#8217;y \u00e9tant pas oppos\u00e9s, devant Mme DERYCKERE, conseill\u00e8re, charg\u00e9e du rapport. Ce magistrat a rendu compte des plaidoiries dans le d\u00e9lib\u00e9r\u00e9 de la cour, compos\u00e9e de : <br>M. LALLEMENT, Pr\u00e9sident de chambre <br>Mme DERYCKERE, Conseill\u00e8re <br>Mme SUBIETA-FORONDA, Conseill\u00e8re <\/p>\n\n\n\n<p>Les parties ont \u00e9t\u00e9 avis\u00e9es de la date du prononc\u00e9 de l&#8217;arr\u00eat fix\u00e9e au 07 JUIN 2013 <br>Greffi\u00e8re, lors des d\u00e9bats : Mme SOUNDOROM, <\/p>\n\n\n\n<h5 class=\"wp-block-heading\">ARR\u00caT: contradictoire,\n<\/h5>\n\n\n\n<p>prononc\u00e9 publiquement, par mise \u00e0 disposition au greffe de la cour, les parties en ayant \u00e9t\u00e9 pr\u00e9alablement avis\u00e9es dans\nles conditions pr\u00e9vues au deuxi\u00e8me alin\u00e9a de l&#8217;article 450 du code de proc\u00e9dure civile ;\n<\/p>\n\n\n\n<h5 class=\"wp-block-heading\">FAITS, PROC\u00c9DURE, MOYENS ET PR\u00c9TENTIONS DES PARTIES\n<\/h5>\n\n\n\n<p>Par jugement du 15 d\u00e9cembre 2009, le tribunal de grande instance de Fort de France a condamn\u00e9 la compagnie\nd&#8217;assurance ASEGURADORA COLSEGUROS \u00e0 payer avec ex\u00e9cution provisoire \u00e0 M Henri G. en r\u00e9paration du\npr\u00e9judice subi du fait du d\u00e9c\u00e8s de ses parents, sa s&#8217;ur, sa ni\u00e8ce et son neveu, et son beau-fr\u00e8re, dans l&#8217;accident d&#8217;avion\nsurvenu le 16 ao\u00fbt 2005 au Venezuela, diverses sommes au titre de son pr\u00e9judice moral, du pr\u00e9judice h\u00e9r\u00e9ditaire li\u00e9 aux\nsouffrances des victimes directes, de la perte des bagages outre une indemnit\u00e9 sur le fondement de l&#8217;article 700 du code\nde proc\u00e9dure civile, et d\u00e9clar\u00e9 le jugement opposable \u00e0 Me Felipe N. M. en qualit\u00e9 de liquidateur de la soci\u00e9t\u00e9 West\nCaribbean Airways (WCA).\n<\/p>\n\n\n\n<p>Par d\u00e9claration du 5 octobre 2010, M G. a form\u00e9 appel du jugement.\n<\/p>\n\n\n\n<p>Dans ses derni\u00e8res conclusions du 7 d\u00e9cembre 2012, Mlle Inna G., sa fille, est intervenue volontairement aux c\u00f4t\u00e9s de\nl&#8217;appelant. Dans le corps de ses conclusions il formule des demandes \u00e9galement au nom de son fils mineur Mehdi G..\n<\/p>\n\n\n\n<p>Aux termes de ces derni\u00e8res conclusions, M G. demande \u00e0 la cour de reconsid\u00e9rer ses demandes d&#8217;indemnisation poste par poste. <\/p>\n\n\n\n<p>M G. :<\/p>\n\n\n\n<ol class=\"wp-block-list\"><li>Fait valoir que la convention de Montr\u00e9al du 28 mai 1999, ratifi\u00e9e par la France et la Colombie seule applicable \u00e0 la pr\u00e9sente esp\u00e8ce, fixe une responsabilit\u00e9 objective et automatique du transporteur jusqu&#8217;\u00e0 100 000 DTS par passager ayant trouv\u00e9 la mort ou subi des l\u00e9sions \u00e0 bord d&#8217;un a\u00e9ronef soit \u00e0 la date du jugement 172 948 euro, le transporteur pouvant au-del\u00e0 de cette somme, s&#8217;exon\u00e9rer de sa responsabilit\u00e9 en d\u00e9montrant qu&#8217;il n&#8217;a pas commis de n\u00e9gligence ou que le dommage r\u00e9sulte de la faute d&#8217;un tiers. <\/li><li>rappelle que dans ce drame, lui et ses deux enfants ont perdu six membres de leur famille, que cela d\u00e9truit la vie d&#8217;un homme, et qu&#8217;il attend la liquidation de son pr\u00e9judice pour pouvoir faire son deuil. <\/li><li>pr\u00e9cise qu&#8217;au moment de la catastrophe, il \u00e9tait en instance de divorce et \u00e9tait revenu vivre chez ses parents o\u00f9 il recevait ses enfants \u00e0 l&#8217;occasion des droits de visite et d&#8217;h\u00e9bergement, que la privation brutale du soutien et de l&#8217;affection de ses plus proches parents l&#8217;a plong\u00e9 dans une longue et durable d\u00e9pression. <\/li><li>entend \u00e9galement d\u00e9montrer les liens affectifs et la communaut\u00e9 d&#8217;int\u00e9r\u00eats \u00e9conomiques l&#8217;unissant \u00e0 son beau-fr\u00e8re, et fondant sa demande de r\u00e9paration du chef de ce dernier que le tribunal lui avait refus\u00e9e. <\/li><li>chiffre sa demande au titre du pr\u00e9judice moral et d&#8217;affection \u00e0 la somme de 100 000 euro pour la perte de ses parents, 80 000 euro pour la perte de sa s&#8217;ur, 50 000 euro pour la perte de son beau-fr\u00e8re, et 30 000 euro pour la perte de ses deux neveux.  <\/li><li>fait valoir qu&#8217;aucune somme n&#8217;a \u00e9t\u00e9 vers\u00e9e pour le pr\u00e9judice de ses enfants, dont le pr\u00e9judice d&#8217;affection est ind\u00e9niable. <\/li><\/ol>\n\n\n\n<p>Inna G. devenue majeure demande 15 000 euro au titre de la perte de ses grands-parents, 10 000 euro pour la perte de sa marraine et de son oncle et 5000 euro au titre de la perte de ses cousins, soit une somme totale de 60 000 euro et M G. demande pour son fils mineur Mehdi une indemnit\u00e9 \u00e9quivalente. <\/p>\n\n\n\n<p>Par ailleurs, il demande pour lui-m\u00eame l&#8217;indemnisation sp\u00e9cifique du traumatisme psychique qu&#8217;il subit \u00e0 hauteur de 30 000 euro, et il expose que sa maladie traumatique lui a caus\u00e9 un glaucome fulgurant avec c\u00e9cit\u00e9 \u00e0 gauche 4 mois apr\u00e8s le drame, ce qui lui occasionne une IPP de 70% dont il r\u00e9clame r\u00e9paration \u00e0 hauteur de 199 500 euro. Au titre du pr\u00e9judice h\u00e9r\u00e9ditaire, il sollicite 30 000 euro par passager auquel il succ\u00e8de, soit 90 000 euro. <\/p>\n\n\n\n<p>Il demande l&#8217;indemnisation de son pr\u00e9judice patrimonial, tir\u00e9 de l&#8217;incidence professionnelle li\u00e9e \u00e0 son traumatisme psychique, en invoquant le fait qu&#8217;il n&#8217;a jamais pu reprendre son travail, et qu&#8217;il ne vit plus que le l&#8217;ASS pour 600 euro par mois. Il demande 580 800 euro. Outre 150 350 euro en raison de la perte du soutien financier que lui apportaient ses parents. Il fait valoir en outre que ses parents avaient commenc\u00e9 \u00e0 organiser leur succession pour faire b\u00e9n\u00e9ficier leurs enfants d&#8217;une exon\u00e9ration des droits de succession, ce que l&#8217;accident n&#8217;a pas permis de faire, soit 60% de l&#8217;actif successoral qui repr\u00e9sente 349 764 euro. Il demande \u00e9galement 2000 DTS au titre de la perte des bagages de ses neveux qui avaient droit \u00e0 un bagage chacun, soit 3 600 euro. Subsidiairement, il demande la r\u00e9paration de son pr\u00e9judice \u00e0 hauteur de 100 00 DTS du chef de la perte de ses parents et de sa s&#8217;ur, et 50 000 DTS du chef de chacun de ses neveux. Il demande en outre 5 000 euro sur le fondement de l&#8217;article 700 du code de proc\u00e9dure civile appliqu\u00e9 \u00e0 la proc\u00e9dure d&#8217;appel. <\/p>\n\n\n\n<p>La soci\u00e9t\u00e9 ASEGURADORA COLSEGUROS et Me Felipe N. M. en qualit\u00e9 de liquidateur de la soci\u00e9t\u00e9 WCA, dans leurs derni\u00e8res \u00e9critures en r\u00e9ponse d\u00e9pos\u00e9es le 10 janvier 2013 concluent \u00e0 la confirmation du jugement sauf sur le pr\u00e9judice h\u00e9r\u00e9ditaire, et au rejet de toutes les autres demandes. <\/p>\n\n\n\n<p>Selon eux, le pr\u00e9judice dit de souffrance des victimes est non r\u00e9parable car hypoth\u00e9tique, et n&#8217;a pas pu entrer dans le patrimoine des d\u00e9funts dont le d\u00e9c\u00e8s a \u00e9t\u00e9 instantan\u00e9. <\/p>\n\n\n\n<p>Par ailleurs, \u00e0 d\u00e9faut de mise en cause de son organisme de s\u00e9curit\u00e9 sociale, \u00e0 peine de nullit\u00e9 du pr\u00e9sent arr\u00eat, il doit \u00eatre fait injonction \u00e0 M G. de r\u00e9gulariser sa proc\u00e9dure, ou ses demandes de r\u00e9paration de ses pr\u00e9judice soumis \u00e0 recours doivent \u00eatre rejet\u00e9es. <\/p>\n\n\n\n<p>Ils n&#8217;opposent pas d&#8217;irrecevabilit\u00e9 aux demandes pr\u00e9sent\u00e9es tardivement et pour la premi\u00e8re fois en cause d&#8217;appel par et au nom des enfants de M. G., mais s&#8217;opposent aux demandes des enfants relatives \u00e0 la perte de leurs cousins faute de d\u00e9monstration d&#8217;un lien d&#8217;affection particulier les ayant unis. <\/p>\n\n\n\n<p>Pour le surplus ils soutiennent que la convention de Montr\u00e9al, ne fait que reprendre le principe du droit fran\u00e7ais de l&#8217;\u00e9quivalence du dommage \u00e0 la r\u00e9paration, afin d&#8217;\u00e9viter tout enrichissement sans cause de la victime, et qu&#8217;au regard de ce principe les demandes de M. G. sont excessives, et non justifi\u00e9es tant m\u00e9dicalement qu&#8217;\u00e9conomiquement ou patrimonialement. <\/p>\n\n\n\n<h5 class=\"wp-block-heading\">MOTIFS\n<\/h5>\n\n\n\n<p>La convention de Montr\u00e9al du 28 mai 1999, dont l&#8217;application au pr\u00e9sent litige n&#8217;est pas contest\u00e9e, pr\u00e9voit en son article 17-1 que le transporteur est responsable du pr\u00e9judice survenu en cas de mort ou de l\u00e9sion corporelle subie par un passager, du seul fait que l&#8217;accident qui a caus\u00e9 la mort ou la l\u00e9sion s&#8217;est produit \u00e0 bord de l&#8217;a\u00e9ronef ou au cours des op\u00e9rations d&#8217;embarquement ou de d\u00e9barquement. L&#8217;article 21 de la convention pr\u00e9cise que pour les dommages pr\u00e9vus par cette disposition, et ne d\u00e9passant pas 100 000 DTS, le transporteur ne peut exclure ou limiter sa responsabilit\u00e9, alors qu&#8217;il n&#8217;est pas responsable des dommages d\u00e9passant cette valeur s&#8217;il prouve qu&#8217;il n&#8217;est pas d\u00fb \u00e0 sa n\u00e9gligence ou \u00e0 un autre acte pr\u00e9judiciable, ou qu&#8217;il r\u00e9sulte de la n\u00e9gligence ou d&#8217;un autre acte pr\u00e9judiciable d&#8217;un tiers. <\/p>\n\n\n\n<p>Contrairement \u00e0 la lecture qu&#8217;en fait le demandeur, il ne s&#8217;agit pas d&#8217;un principe d&#8217;indemnisation forfaitaire automatique\nd&#8217;un montant minimum de 100 000 DTS, mais d&#8217;un r\u00e9gime de responsabilit\u00e9 fond\u00e9e sur une pr\u00e9somption irr\u00e9fragable ou\nsimple en fonction de l&#8217;\u00e9valuation du pr\u00e9judice subi. Il faut donc d&#8217;abord liquider le pr\u00e9judice.\n<\/p>\n\n\n\n<h5 class=\"wp-block-heading\">Sur le pr\u00e9judice h\u00e9r\u00e9ditaire\n<\/h5>\n\n\n\n<p>Il convient de rappeler que toute victime d&#8217;un dommage a le droit d&#8217;en obtenir r\u00e9paration de celui qui l&#8217;a caus\u00e9. Ce droit\npatrimonial est transmissible \u00e0 ses h\u00e9ritiers. Le pr\u00e9judice r\u00e9parable doit \u00eatre direct et certain, en relation avec le fait\ndommageable.\n<\/p>\n\n\n\n<p>En l&#8217;esp\u00e8ce, contrairement \u00e0 ce qu&#8217;affirment les intim\u00e9s, la chute de l&#8217;avion est un fait constant indiscutable, qui n&#8217;aurait\npas d\u00fb arriver dans des circonstances normales de vol.\n<\/p>\n\n\n\n<p>Il convient donc de prendre en compte l&#8217;ensemble des circonstances de l&#8217;accident, depuis le d\u00e9crochage a\u00e9rien, emportant perte brutale d&#8217;altitude et d\u00e9pressurisation de la cabine, jusqu&#8217;\u00e0 l&#8217;impact final. <\/p>\n\n\n\n<p>Par cons\u00e9quent, il ne peut \u00eatre argu\u00e9 d&#8217;un d\u00e9c\u00e8s instantan\u00e9 des passagers, qui ne tiendrait pas compte des quelques minutes aux cours desquelles ils ont n\u00e9cessairement \u00e9t\u00e9 confront\u00e9s \u00e0 la terreur du vertige de la chute, ainsi qu&#8217;\u00e0 l&#8217;angoisse puis la certitude de leur mort inexorable, g\u00e9n\u00e9rateurs de souffrances \u00e0 tout le moins morales, qui ne sauraient \u00eatre qualifi\u00e9es d&#8217;hypoth\u00e9tiques. <\/p>\n\n\n\n<p>La cour estime que le tribunal a fait une juste appr\u00e9ciation du quantum de ce pr\u00e9judice liquid\u00e9 \u00e0 la somme de 20 000\neuro.\n<\/p>\n\n\n\n<p>M. G. ne conteste pas qu&#8217;il n&#8217;est l&#8217;h\u00e9ritier que de ses parents et de sa soeur. <\/p>\n\n\n\n<p>Ayant justifi\u00e9 \u00eatre seul h\u00e9ritier il a vocation \u00e0 recueillir cette somme liquid\u00e9e \u00e0 20 000 euro du chef de chacun d&#8217;eux, en son int\u00e9gralit\u00e9. Le jugement sera confirm\u00e9 \u00e0 ce titre. <\/p>\n\n\n\n<p>Il convient de pr\u00e9ciser que l&#8217;indemnit\u00e9 pour perte de bagages express\u00e9ment pr\u00e9vue par l&#8217;article 22 de la convention de Montr\u00e9al r\u00e9pare le pr\u00e9judice mat\u00e9riel subi par les passagers, et r\u00e9pond donc \u00e0 la m\u00eame logique tir\u00e9e de la vocation successorale du demandeur. <\/p>\n\n\n\n<p>Les premiers juges ne peuvent qu&#8217;\u00eatre approuv\u00e9s de lui avoir accord\u00e9 l&#8217;indemnit\u00e9 forfaitaire de 1000 DTS d\u00e9finie par la convention pour chacun de ses parents et pour sa soeur, \u00e0 l&#8217;exclusion de celle de ses neveux, pour qui il aurait fallu rechercher s&#8217;il existe ou non des successibles dans la branche paternelle, en ligne directe ou en ligne collat\u00e9rale \u00e0 un rang potentiellement pr\u00e9f\u00e9rable au sien. <\/p>\n\n\n\n<p>Or, il ne fait pas cette d\u00e9monstration. Le jugement sera confirm\u00e9 de ce chef. <\/p>\n\n\n\n<h5 class=\"wp-block-heading\">Sur le pr\u00e9judice d&#8217;affection de M Henri G. :\n<\/h5>\n\n\n\n<p>Le pr\u00e9judice personnel direct est certain des victimes par ricochet tenant \u00e0 l&#8217;arrachement brutal d&#8217;un \u00eatre cher \u00e0 l&#8217;affection de ses proches, est liquid\u00e9 en tenant compte des circonstances de l&#8217;accident, de la proximit\u00e9 et des liens pr\u00e9c\u00e9demment entretenus entre eux. <\/p>\n\n\n\n<p>Il est parfaitement justifi\u00e9 par M. G., qu&#8217;il vivait au domicile de ses parents en raison de sa proc\u00e9dure de divorce en cours, ce qui renforce la perception du soutien affectif et moral qu&#8217;il recueillait de la part de ses parents. Il est justifi\u00e9 du caract\u00e8re uni de cette famille et des liens \u00e9troits entretenus entre chacun des membres de la famille. <\/p>\n\n\n\n<p>Il est \u00e9galement justifi\u00e9 de l&#8217;amiti\u00e9 et de la communaut\u00e9 d&#8217;int\u00e9r\u00eats \u00e9conomiques l&#8217;ayant uni \u00e0 son beau-fr\u00e8re. <\/p>\n\n\n\n<p>Par ailleurs, il doit \u00eatre fait une appr\u00e9ciation particuli\u00e8re du pr\u00e9judice moral subi par M. G. tenant au fait qu&#8217;il a laiss\u00e9\ndans la trag\u00e9die la totalit\u00e9 de ses proches parents, sa famille par le sang s&#8217;\u00e9tant r\u00e9duite en un instant \u00e0 ses enfants et lui.\n<\/p>\n\n\n\n<p>La cour estime que ce chef de pr\u00e9judice pour M. G. doit \u00eatre r\u00e9par\u00e9 \u00e0 hauteur de 60 000 euro pour la perte de chacun de ses parents, 30 000 euro pour la perte de sa soeur, 15 000 euro pour la perte de chacun de ses neveux, et 8 000 euro pour la perte de son beau-fr\u00e8re. <\/p>\n\n\n\n<p>Le jugement sera r\u00e9form\u00e9 en ce sens.\n<\/p>\n\n\n\n<h5 class=\"wp-block-heading\">Sur le traumatisme psychique invoqu\u00e9 par M G. :\n<\/h5>\n\n\n\n<p>M G. fournit un certificat m\u00e9dical en date du 23 mai 2006, attestant de son \u00e9tat de stress post traumatique avec \u00e9pisode\nd\u00e9pressif majeur suite au crash a\u00e9rien dans lequel il a perdu la totalit\u00e9 de sa famille. A la date du certificat le praticien\njugeait son \u00e9tat stationnaire avec des troubles anxio-d\u00e9pressifs persistant.\n<\/p>\n\n\n\n<h5 class=\"wp-block-heading\">Doit donc en l&#8217;esp\u00e8ce \u00eatre admise la d\u00e9monstration de ce que\n<\/h5>\n\n\n\n<p>M. G. subit un pr\u00e9judice par ricochet distinct du pr\u00e9judice d&#8217;affection li\u00e9 \u00e0 la perte proprement dite de ses proches\nparents au sens large, et en lien direct avec la catastrophe a\u00e9rienne fondant le droit \u00e0 r\u00e9paration \u00e0 l&#8217;\u00e9gard du transporteur.\nIl sera fait droit \u00e0 sa demande de ce chef dans son int\u00e9gralit\u00e9, la somme de 30 000 euro lui \u00e9tant d\u00e8s lors allou\u00e9e. Le\njugement sera infirm\u00e9 sur ce point.\n<\/p>\n\n\n\n<h5 class=\"wp-block-heading\">Sur le Pr\u00e9judice d&#8217;affection de Inna et Mehdi G. :\n<\/h5>\n\n\n\n<p>La recevabilit\u00e9 des demandes pr\u00e9sent\u00e9es en appel par ces derniers, n&#8217;\u00e9tant pas discut\u00e9e, il sera indiqu\u00e9 sur le fond, que les consid\u00e9rations ci-dessus retenues doivent \u00eatre reprises pour les enfants de M G., dont les difficult\u00e9s conjugales n&#8217;ont en rien affect\u00e9 les relations entre ses enfants et leur famille paternelle. <\/p>\n\n\n\n<p>Doit s&#8217;y ajouter la circonstance que leur oncle et tante \u00e9taient respectivement leur parrain et marraine, ce qui induit la disparition d&#8217;une r\u00e9f\u00e9rence d&#8217;un autre ordre dans leur vie, mais parfaitement admissible compte tenu de la dynamique qui animait cette famille, ainsi qu&#8217;en rendent compte les photographies, les lettres \u00e9chang\u00e9es et les t\u00e9moignages. <\/p>\n\n\n\n<p>Enfin, les liens d&#8217;amiti\u00e9 ayant exist\u00e9 entre les 4 cousins, dans ce contexte de disparition brutale de leur branche collat\u00e9rale paternelle, permettent de fonder ces chefs de demande que les intim\u00e9s contestent. <\/p>\n\n\n\n<p>Dans ces conditions, leur pr\u00e9judice moral sera r\u00e9par\u00e9 de la mani\u00e8re suivante : <\/p>\n\n\n\n<p>Pour chacun d&#8217;eux, la perte de leurs grands-parents sera \u00e9valu\u00e9e \u00e0 15 000 euro chacun, celle de leur oncle et tante, \u00e0 8\n000 euro, celle de leurs cousins, \u00e0 4 000 euro. Il sera ajout\u00e9 au jugement de ces chefs.\n<\/p>\n\n\n\n<h5 class=\"wp-block-heading\">Sur les diff\u00e9rents postes d&#8217;indemnisation du pr\u00e9judice corporel invoqu\u00e9 :\n<\/h5>\n\n\n\n<p>L&#8217;article 17-1 de la convention de Montr\u00e9al ci-dessus rappel\u00e9 pose le principe de l&#8217;indemnisation par le transporteur a\u00e9rien, des pr\u00e9judices tels que le d\u00e9c\u00e8s et les l\u00e9sions corporelles produits \u00e0 bord de l&#8217;a\u00e9ronef. Tel n&#8217;est pas le cas de M G.. La l\u00e9sion corporelle qu&#8217;il invoque, \u00e0 savoir un glaucome \u00e0 angle ferm\u00e9 fulgurant, n&#8217;a pas \u00e9t\u00e9 caus\u00e9e par l&#8217;accident. <\/p>\n\n\n\n<p>Elle n&#8217;est selon lui, que la r\u00e9sultante de l&#8217;\u00e9tat de stress, de l&#8217;\u00e9motion et de la douleur ressentis en raison de la perte de sa famille dans la catastrophe a\u00e9rienne. <\/p>\n\n\n\n<p>A supposer av\u00e9r\u00e9 scientifiquement le lien entre le syndrome traumatique et la pette de vision, il s&#8217;agirait d&#8217;une r\u00e9sultante du traumatisme psychique dores et d\u00e9j\u00e0 indemnis\u00e9 ci-dessus, et non pas de l&#8217;accident d&#8217;avion lui-m\u00eame. <\/p>\n\n\n\n<p>Ainsi au-del\u00e0 de l&#8217;irr\u00e9gularit\u00e9 proc\u00e9durale tenant au d\u00e9faut de mise en cause officielle (cf pi\u00e8ce 29 courrier d&#8217;appel amiable en d\u00e9claration de jugement commun) de son organisme de s\u00e9curit\u00e9 sociale et autres \u00e9ventuels tiers payeurs, c&#8217;est le fondement m\u00eame de son droit \u00e0 r\u00e9paration qui fait d\u00e9faut en l&#8217;esp\u00e8ce. <\/p>\n\n\n\n<p>Seront donc rejet\u00e9es ses demandes d&#8217;indemnisation d&#8217;un d\u00e9ficit fonctionnel permanent, et de son incidence professionnelle. <\/p>\n\n\n\n<h5 class=\"wp-block-heading\">Sur le pr\u00e9judice mat\u00e9riel :\n<\/h5>\n\n\n\n<p>Il appartient \u00e0 M G. de d\u00e9montrer l&#8217;existence d&#8217;un pr\u00e9judice \u00e9conomique en lien direct avec le d\u00e9c\u00e8s de ses parents.<\/p>\n\n\n\n<p>S&#8217;il n&#8217;est pas contest\u00e9 qu&#8217;il vivait au domicile de ces derniers, il est tout aussi constant qu&#8217;il avait ses propres revenus, qu&#8217;il chiffre \u00e0 2 200 euro par mois, et qu&#8217;il qualifie lui-m\u00eame dans ses conclusions de corrects, de sorte qu&#8217;il ne peut pr\u00e9tendre comme il le pr\u00e9sente dans son calcul de perte de revenus, au statut d&#8217;un enfant \u00e0 charge \u00e0 qui l&#8217;on reconna\u00eetrait une part de consommation de 15% des revenus de ses parents. <\/p>\n\n\n\n<p>Math\u00e9matiquement, si l&#8217;on tient compte de ses propres revenus dans la d\u00e9termination des ressources annuelles du foyer, sa part de consommation de 15% est absorb\u00e9e int\u00e9gralement dans son propre apport, de sorte qu&#8217;il n&#8217;est pas justifi\u00e9 d&#8217;une perte dans les revenus des proches disparus, dont il a par ailleurs h\u00e9rit\u00e9 du patrimoine. <\/p>\n\n\n\n<p>Le rejet de cette demande par les premiers juges ne peut qu&#8217;\u00eatre confirm\u00e9. <\/p>\n\n\n\n<p>Concernant l&#8217;exon\u00e9ration des droits de succession, il verse seulement un courrier de ses parents en date du 2 mai 2005, exposant \u00e0 leurs enfants qu&#8217;ils envisagent de transmettre leurs biens immobiliers par le biais d&#8217;une SCI. <\/p>\n\n\n\n<p>Or, les chances de r\u00e9alisations de ce montage juridique en l&#8217;absence de tout autre acte pr\u00e9paratoire restent hypoth\u00e9tiques mais il n&#8217;est fourni aucune \u00e9tude sur l&#8217;avantage fiscal attendu de l&#8217;op\u00e9ration, ni la justification du calcul des droits de succession par tranches, ni de leur taux indiqu\u00e9 \u00e0 60% pour un descendant en ligne directe. <\/p>\n\n\n\n<p>Il n&#8217;est d&#8217;ailleurs pas justifi\u00e9 de la liquidation de la succession et des droits. <\/p>\n\n\n\n<p>Seul est justifi\u00e9 au titre du pr\u00e9judice mat\u00e9riel de la somme de 5 416,27 euro restant \u00e0 la charge de M G. au titre de l&#8217;acquisition d&#8217;une concession fun\u00e9raire \u00e0 parts \u00e9gales avec M M., le p\u00e8re de son beau-fr\u00e8re. <\/p>\n\n\n\n<p>En cet \u00e9tat des justificatifs fournis, la demande au titre du pr\u00e9judice mat\u00e9riel sera accueillie \u00e0 hauteur d&#8217;une somme arrondie \u00e0 5 500 euro. <\/p>\n\n\n\n<p>Au final, le dommage ainsi liquid\u00e9 \u00e9tant inf\u00e9rieur \u00e0 l&#8217;\u00e9quivalent de 100 000 DTS par passager, le transporteur d\u00fbment assur\u00e9 et garanti par la soci\u00e9t\u00e9 ASEGURADORA COLSEGUROS, doit l&#8217;indemniser sans possibilit\u00e9 d&#8217;exon\u00e9ration, ce qui n&#8217;est d&#8217;ailleurs pas demand\u00e9 par les intim\u00e9s. <\/p>\n\n\n\n<p>Par cons\u00e9quent, la demande subsidiaire tendant \u00e0 arrondir l&#8217;indemnisation \u00e0 100 000 DTS par passager disparu ne trouve aucun fondement dans la convention de Montr\u00e9al. <\/p>\n\n\n\n<p>Les d\u00e9pens seront mis \u00e0 la charge des intim\u00e9s et l&#8217;l&#8217;\u00e9quit\u00e9 commande d&#8217;allouer \u00e0 une somme de 5 000 euro sur le\nfondement de l&#8217;article 700 du code de proc\u00e9dure civile au titre des frais expos\u00e9s en cause d&#8217;appel.\n<\/p>\n\n\n\n<h5 class=\"wp-block-heading\">PAR CES MOTIFS\n<\/h5>\n\n\n\n<p>Confirme le jugement d\u00e9f\u00e9r\u00e9 sauf en ses dispositions relatives au pr\u00e9judice d&#8217;affection de M G., et au pr\u00e9judice distinct\nli\u00e9 au traumatisme psychique ;\n<\/p>\n\n\n\n<h5 class=\"wp-block-heading\">Statuant \u00e0 nouveau et Y ajoutant ;\n<\/h5>\n\n\n\n<p>Condamne la compagnie d&#8217;assurance ASEGURADORA COLSEGUROS \u00e0 payer \u00e0 M G. les sommes de : <br>&#8211; 60 000 euro pour la perte de Mme Eug\u00e9nie G., <br>&#8211; 60 000 euro pour la perte de M Joseph G., <br>&#8211; 30 000 euro pour la perte de Mme Murielle G. \u00e9pouse M., <br>&#8211; 15 000 euro pour la perte de Nicolas M., <br>&#8211; 15 000 euro pour la perte de Ma\u00ebva M., <br>&#8211; 8 000 euro pour la perte de M Max M., <br>&#8211; 30 000 euro au titre du traumatisme psychique distinct, <br>&#8211; 5 500 euro au titre du pr\u00e9judice mat\u00e9riel, <\/p>\n\n\n\n<p>Condamne la compagnie d&#8217;assurance ASEGURADORA COLSEGUROS \u00e0 payer \u00e0 M G. en qualit\u00e9 de repr\u00e9sentant l\u00e9gal de son fils mineur Mehdi G., les sommes de : <br>&#8211; 15 000 euro pour la perte de sa grand-m\u00e8re Eug\u00e9nie G., <br>&#8211; 15 000 euro pour la perte de son grand-p\u00e8re Joseph G., <br>&#8211; 8 000 euro pour la perte de son oncle Max M., <br>&#8211; 8 000 euro pour la perte de sa tante Murielle M., <br>&#8211; 4 000 euro pour la perte de son cousin Nicolas, <br>&#8211; 4 000 euro pour la perte de sa cousine Ma\u00ebva, <\/p>\n\n\n\n<p>Condamne la compagnie d&#8217;assurance ASEGURADORA COLSEGUROS \u00e0 payer \u00e0 Mlle Inna G. les sommes de : <br>&#8211; 15 000 euro pour la perte de sa grand-m\u00e8re Eug\u00e9nie G., <br>&#8211; 15 000 euro pour la perte de son grand-p\u00e8re Joseph G., <br>&#8211; 8 000 euro pour la perte de son oncle Max M., <br>&#8211; 8 000 euro pour la perte de sa tante Murielle M., <br>&#8211; 4 000 euro pour la perte de son cousin Nicolas, <br>&#8211; 4 000 euro pour la perte de sa cousine Ma\u00ebva, <\/p>\n\n\n\n<p>Dit que l&#8217;ensemble des indemnit\u00e9s allou\u00e9es en cause d&#8217;appel produiront int\u00e9r\u00eat au taux l\u00e9gal \u00e0 compter du pr\u00e9sent arr\u00eat,\n<\/p>\n\n\n\n<p>Condamne la compagnie d&#8217;assurance ASEGURADORA COLSEGUROS \u00e0 payer \u00e0 M G. la somme de 5 000 euro sur le\nfondement des dispositions de l&#8217;article 700 du code de proc\u00e9dure civile,\n<\/p>\n\n\n\n<p>Rejette le surplus des demandes,\n<\/p>\n\n\n\n<p>D\u00e9clare le pr\u00e9sent arr\u00eat opposable \u00e0 Me Felipe N. M. en qualit\u00e9 de liquidateur de la soci\u00e9t\u00e9 West Caribbean Airways,\n<\/p>\n\n\n\n<p>Condamne la soci\u00e9t\u00e9 ASEGURADORA COLSEGUROS aux d\u00e9pens d&#8217;appel.\n<\/p>\n\n\n\n<p>Sign\u00e9 par M. LALLEMENT, pr\u00e9sident de chambre, et Mme RIBAL, greffi\u00e8re, lors du prononc\u00e9 auquel la minute a \u00e9t\u00e9 remise. <\/p>\n\n\n\n<p>LA GREFFIERE, LE PRESIDENT,\n<\/p>\n\n\n\n<p class=\"has-text-align-center\">***<\/p>\n\n\n\n<h2 class=\"has-text-color wp-block-heading\" style=\"color:#c24747\" id=\"CA-19122014\"><strong>VII. CA PARIS P\u00d4LE 2, CHAMBRE 2,<\/strong> <strong>ARR\u00caT<\/strong> <strong>N\u00b013\/04044 (<\/strong>19<strong>\/12\/2014)<\/strong>  <\/h2>\n\n\n\n<p>Grosses d\u00e9livr\u00e9es R\u00c9PUBLIQUE FRAN\u00c7AISE\n<\/p>\n\n\n\n<p>aux parties le : AU NOM DU PEUPLE FRAN\u00c7AIS\n<\/p>\n\n\n\n<p>COUR D&#8217;APPEL DE PARIS\n<\/p>\n\n\n\n<p>P\u00f4le 2 &#8211; Chambre 2\n<\/p>\n\n\n\n<p>Num\u00e9ro d&#8217;inscription au r\u00e9pertoire g\u00e9n\u00e9ral : 13\/04044\n<\/p>\n\n\n\n<p>Contentieux Judiciaire\n<\/p>\n\n\n\n<p>D\u00e9cision d\u00e9f\u00e9r\u00e9e \u00e0 la Cour : Jugement du 11 Janvier 2013 -Tribunal de Grande Instance de Bobigny &#8211; RG n\u00b0 11\/06160\n<\/p>\n\n\n\n<h5 class=\"wp-block-heading\">APPELANTES\n<\/h5>\n\n\n\n<p>Madame Victoire de Jolie K.\n<\/p>\n\n\n\n<p>Repr\u00e9sent\u00e9e par Me Kenneth W. de la SELARL W., avocat au barreau de PARIS, toque : P0046 <\/p>\n\n\n\n<p>Madame Annie-Aur\u00e9lie K.\n<\/p>\n\n\n\n<p>Repr\u00e9sent\u00e9e par Me Kenneth W. de la SELARL W., avocat au barreau de PARIS, toque : P0046\n<\/p>\n\n\n\n<h5 class=\"wp-block-heading\">INTIMEES\n<\/h5>\n\n\n\n<p>Soci\u00e9t\u00e9 AIR FRANCE prise en la personne de son repr\u00e9sentant l\u00e9gal\n<\/p>\n\n\n\n<p>Repr\u00e9sent\u00e9e par Me Jacques B., avocat au barreau de PARIS, toque : G0334\n<\/p>\n\n\n\n<p>Assist\u00e9e de Me Benjamin P., avocat au barreau de PARIS, toque : P429\n<\/p>\n\n\n\n<p>Soci\u00e9t\u00e9 KENYA AIRWAYS (ayant son \u00e9tablissement en [&#8230;]) prise en la personne de son repr\u00e9sentant l\u00e9gal\n<\/p>\n\n\n\n<p>Repr\u00e9sent\u00e9e par Me Jacques B., avocat au barreau de PARIS, toque : G0334\n<\/p>\n\n\n\n<p>Assist\u00e9e de Me Benjamin P., avocat au barreau de PARIS, toque : P429\n<\/p>\n\n\n\n<h5 class=\"wp-block-heading\">COMPOSITION DE LA COUR :\n<\/h5>\n\n\n\n<p>En application des dispositions des articles 786 et 907 du code de proc\u00e9dure civile, l&#8217;affaire a \u00e9t\u00e9 d\u00e9battue le 14 Novembre 2014, en audience publique, les avocats ne s&#8217;y \u00e9tant pas oppos\u00e9, devant Madame Anne VIDAL, <br>pr\u00e9sidente de chambre, charg\u00e9e d&#8217;instruire le dossier. <\/p>\n\n\n\n<p>Un rapport a \u00e9t\u00e9 pr\u00e9sent\u00e9 \u00e0 l&#8217;audience dans les conditions de l&#8217;article 785 du Code de proc\u00e9dure civile.\n<\/p>\n\n\n\n<p>Ce magistrat a rendu compte des plaidoiries dans le d\u00e9lib\u00e9r\u00e9 de la Cour, compos\u00e9e de :\n<\/p>\n\n\n\n<p>&#8211; Madame Anne VIDAL, <br>pr\u00e9sidente de chambre <\/p>\n\n\n\n<p>&#8211; Madame Marie-Sophie RICHARD, <br>conseill\u00e8re <\/p>\n\n\n\n<p>&#8211; Madame Isabelle CHESNOT, <br>conseill\u00e8re <\/p>\n\n\n\n<p>Greffier, lors des d\u00e9bats : Monsieur Guillaume LE FORESTIER <\/p>\n\n\n\n<h5 class=\"wp-block-heading\">ARR\u00caT :\n<\/h5>\n\n\n\n<p>&#8211; contradictoire\n<\/p>\n\n\n\n<p>&#8211; par mise \u00e0 disposition de l&#8217;arr\u00eat au greffe de la Cour, les parties en ayant \u00e9t\u00e9 pr\u00e9alablement avis\u00e9es dans les conditions\npr\u00e9vues au deuxi\u00e8me alin\u00e9a de l&#8217;article 450 du code de proc\u00e9dure civile.\n<\/p>\n\n\n\n<p>&#8211; sign\u00e9 par Mme Anne VIDAL,<\/p>\n\n\n\n<p> pr\u00e9sidente de chambre <\/p>\n\n\n\n<p>et par <\/p>\n\n\n\n<p>Monsieur Guillaume LE FORESTIER, greffier auquel la minute de la d\u00e9cision a \u00e9t\u00e9 remise par le magistrat signataire. <\/p>\n\n\n\n<p>****\n<\/p>\n\n\n\n<h5 class=\"wp-block-heading\">FAITS, PROCEDURE ET PRETENTIONS DES PARTIES :\n<\/h5>\n\n\n\n<p>Th\u00e9r\u00e8se N. \u00e9pouse K., domicili\u00e9e \u00e0 Douala (Cameroun) a achet\u00e9 au comptoir Air France de cette ville un billet d&#8217;avion\naller-retour entre Douala et Guangzhou (Chine) avec d\u00e9part le 5 mai 2007 et escale \u00e0 Nairobi (Kenya) en r\u00e9glant le prix\ndu billet pour partie avec des miles de sa carte \u00ab Flying Blue \u00bb. L&#8217;avion, un Boeing 737-800 appartenant \u00e0 la compagnie\nKenya Airways, s&#8217;est \u00e9cras\u00e9 quelques minutes apr\u00e8s son d\u00e9collage en ne laissant aucun survivant.\n<\/p>\n\n\n\n<p>Suivant actes d&#8217;huissier en date des 22 et 23 avril 2009, Mme Victoire K. et Mme Anne-Aur\u00e9lie K., filles de la victime,\nont fait assigner devant le tribunal de grande instance de Bobigny la soci\u00e9t\u00e9 Air France, la soci\u00e9t\u00e9 Boeing Company et\nla soci\u00e9t\u00e9 Kenya Airways, ainsi que la CFM International, Thal\u00e8s Group et Thal\u00e8s Avionic en indemnisation de leurs\npr\u00e9judices.\n<\/p>\n\n\n\n<p>Par arr\u00eat en date du 12 janvier 2011, la cour d&#8217;appel de Paris, statuant sur l&#8217;appel d&#8217;une ordonnance du juge de la mise en\n\u00e9tat, a constat\u00e9 le d\u00e9sistement des demanderesses \u00e0 l&#8217;encontre des soci\u00e9t\u00e9s Thal\u00e8s Group et Thal\u00e8s Avionic et d\u00e9clar\u00e9 le\ntribunal de grande instance de Bobigny comp\u00e9tent, retenant que la soci\u00e9t\u00e9 Air France \u00e9tait intervenue en qualit\u00e9 de\ntransporteur contractuel au sens de la Convention de Montr\u00e9al et la soci\u00e9t\u00e9 Kenya Airways en qualit\u00e9 de transporteur de\nfait.\n<\/p>\n\n\n\n<p>Par ordonnance du 22 mars 2012, le juge de la mise en \u00e9tat a d\u00e9clar\u00e9 parfait le d\u00e9sistement des demanderesses \u00e0\nl&#8217;encontre des soci\u00e9t\u00e9s CFM International et Boeing Company et la proc\u00e9dure s&#8217;est donc poursuivie \u00e0 l&#8217;encontre\nseulement de la soci\u00e9t\u00e9 Air France et de la soci\u00e9t\u00e9 Kenya Airways.\n<\/p>\n\n\n\n<p>Mme Victoire K. et Mme Anne-Aur\u00e9lie K. ont r\u00e9clam\u00e9 la condamnation solidaire de la soci\u00e9t\u00e9 Air France et de la\nsoci\u00e9t\u00e9 Kenya Airways \u00e0 leur verser diverses sommes \u00e0 titre de dommages et int\u00e9r\u00eats en r\u00e9paration de leurs pr\u00e9judices,\nsoutenant que la question de la qualit\u00e9 de transporteur de ces deux soci\u00e9t\u00e9s avait d\u00e9j\u00e0 \u00e9t\u00e9 tranch\u00e9e, que le rapport\nd&#8217;enqu\u00eate avait mis en lumi\u00e8re une faute manifeste de pilotage et qu&#8217;elles \u00e9taient les seules h\u00e9riti\u00e8res de Marie-Th\u00e9r\u00e8se\nN. \u00e9pouse K..\n<\/p>\n\n\n\n<p>Par jugement en date du 11 janvier 2013, le tribunal de grande instance de Bobigny a d\u00e9clar\u00e9 la soci\u00e9t\u00e9 Air France et la soci\u00e9t\u00e9 Kenya Airways responsables \u00e0 l&#8217;\u00e9gard de Th\u00e9r\u00e8se N. \u00e9pouse K. des cons\u00e9quences dommageables de l&#8217;accident d&#8217;a\u00e9ronef survenu le 5 mai 2007, consid\u00e9rant que l&#8217;arr\u00eat de la cour d&#8217;appel du 12 janvier 2011 n&#8217;avait d&#8217;autorit\u00e9 de chose jug\u00e9e que sur la comp\u00e9tence mais retenant que la soci\u00e9t\u00e9 Air France avait bien la qualit\u00e9 de transporteur contractuel. <\/p>\n\n\n\n<p>Il les a condamn\u00e9es in solidum \u00e0 r\u00e9parer l&#8217;entier dommage, sans appliquer les limites de garantie de la convention de Montr\u00e9al en raison de l&#8217;absence de causes exon\u00e9ratoires et au regard des r\u00e9sultats de l&#8217;enqu\u00eate concluant aux fautes de pilotage, et \u00e0 verser \u00e0 Mme Victoire K. et Mme Anne-Aur\u00e9lie K. la somme de 25.000 euro \u00e0 chacune au titre de leur pr\u00e9judice moral, celle de 15.000 euro au titre du pr\u00e9judice moral de la victime, celle de 1.438,81 euro au titre des frais d&#8217;obs\u00e8ques et de transport et une somme \u00e9quivalente \u00e0 1.000 droits de tirage sp\u00e9ciaux (DTS) en vigueur \u00e0 la date de sa d\u00e9cision au titre de la perte des bagages et effets personnels. <\/p>\n\n\n\n<p>Il a d\u00e9bout\u00e9 Mme Victoire K. et Mme Anne-Aur\u00e9lie K. du surplus de leurs demandes, \u00e0 l&#8217;exception de la somme de 5.000 euro en application des dispositions de l&#8217;article 700 du code de proc\u00e9dure civile. <\/p>\n\n\n\n<p>Mme Victoire K. et Mme Anne-Aur\u00e9lie K. ont interjet\u00e9 appel de cette d\u00e9cision suivant d\u00e9claration en date du 27 f\u00e9vrier\n2013.\n<\/p>\n\n\n\n<p>Par ordonnance en date du 17 octobre 2013, le conseiller de la mise en \u00e9tat a ordonn\u00e9 l&#8217;ex\u00e9cution provisoire des\ncondamnations prononc\u00e9es par le tribunal \u00e0 l&#8217;encontre de la seule soci\u00e9t\u00e9 Kenya Airways au profit de Mme Victoire K.\net Mme Anne-Aur\u00e9lie K. mais a rejet\u00e9 leur demande en paiement d&#8217;une provision ad litem.\n<\/p>\n\n\n\n<p>&#8212;&#8212;&#8212;&#8212;&#8212;&#8212;&#8211;\n<\/p>\n\n\n\n<p>Mme Victoire K. et Mme Anne-Aur\u00e9lie K., aux termes de leurs derni\u00e8res conclusions signifi\u00e9es le 4 novembre 2014,\ndemandent \u00e0 la cour de :\n<\/p>\n\n\n\n<p>Confirmer la d\u00e9cision d\u00e9f\u00e9r\u00e9e en ce qu&#8217;elle a d\u00e9clar\u00e9 la soci\u00e9t\u00e9 Air France et la soci\u00e9t\u00e9 Kenya Airways responsables des\ncons\u00e9quences dommageables de l&#8217;accident survenu le 5 mai 2007 \u00e0 l&#8217;\u00e9gard de Th\u00e9r\u00e8se N. \u00e9pouse K.,\n<\/p>\n\n\n\n<p>La r\u00e9former sur le quantum des indemnisations allou\u00e9es et condamner solidairement la soci\u00e9t\u00e9 Air France et la soci\u00e9t\u00e9\nKenya Airways \u00e0 leur payer les sommes suivantes :\n<\/p>\n\n\n\n<ol class=\"wp-block-list\"><li>Au titre du pr\u00e9judice moral des concluantes, <br>la somme de 50.000 euro \u00e0 chacune, <\/li><li>Au titre du pr\u00e9judice mat\u00e9riel de la victime, <br>la somme de 19.710 euro, <\/li><li>Au titre du pr\u00e9judice moral de la victime, <br>la somme de 70.000 euro, <\/li><li>Au titre des frais d&#8217;obs\u00e8ques, de voyage et de s\u00e9jour, <br>la somme de 20.000 euro, <\/li><li>Au titre du pr\u00e9judice de perte d&#8217;esp\u00e9rance de vie de la victime, <br>la somme de 150.000 euro, <\/li><li>Au titre de la perte de secours et de subsides des filles, <br>la somme de 100.000 euro, <\/li><li>Au titre du pr\u00e9judice r\u00e9sultant de la perte de valeur du fonds de commerce ou \u00e0 titre subsidiaire au titre de la perte de chance pour ses h\u00e9riti\u00e8res de percevoir un patrimoine plus important, <br>la somme de 256.551 euro, <\/li><li>Au titre de la perte des bagages, \u00e0 r\u00e9partir entre les ayants-droit, <br>la contrevaleur en euros au jour de la d\u00e9cision de 1000 DTS, <\/li><li>Au titre des frais irr\u00e9p\u00e9tibles engag\u00e9s en premi\u00e8re instance, <br>la somme de 83.047,75 euro, <\/li><\/ol>\n\n\n\n<p>Condamner la soci\u00e9t\u00e9 Air France et la soci\u00e9t\u00e9 Kenya Airways \u00e0 leur verser une somme de 25.000 euro en application\ndes dispositions de l&#8217;article 700 du code de proc\u00e9dure civile en cause d&#8217;appel.\n<\/p>\n\n\n\n<p>Elles font valoir l&#8217;argumentation suivante :\n<\/p>\n\n\n\n<p>Sur la responsabilit\u00e9 d&#8217;Air France en qualit\u00e9 de transporteur contractuel : deux d\u00e9cisions ont retenu cette qualit\u00e9, l&#8217;arr\u00eat\nde la cour du 12 janvier 2011 ayant autorit\u00e9 de chose jug\u00e9e et le jugement du tribunal de grande instance de Bobigny du\ndu 11 janvier 2013 en consid\u00e9rant que le seul document contractuel fourni \u00e9tait un document Air France mentionnant\nl&#8217;\u00e9mission par Air France, la r\u00e9f\u00e9rence SKYTEAM et les conditions du vol sans mention des conditions IATA et MITA,\nde sorte que l&#8217;acheteuse n&#8217;avait pas \u00e9t\u00e9 inform\u00e9e de la qualit\u00e9 d&#8217;all\u00e9gu\u00e9e d&#8217;Air France, \u00e0 savoir d&#8217;agent de la soci\u00e9t\u00e9\nKenya Airways ;\n<\/p>\n\n\n\n<p>Sur la responsabilit\u00e9 des transporteurs et l&#8217;indemnisation int\u00e9grale : elle est incontestable en application de l&#8217;article 17\nalin\u00e9a 1er de la Convention de Montr\u00e9al et de l&#8217;article 21 2\u00b0 qui pr\u00e9voit que le transporteur n&#8217;est pas responsable des\ndommages au-del\u00e0 de 100.000 DTS s&#8217;il prouve qu&#8217;ils ne sont pas dus \u00e0 une n\u00e9gligence ou \u00e0 un acte ou une omission\npr\u00e9judiciable du transporteur, de ses pr\u00e9pos\u00e9s ou de ses mandataires ; or, au regard des conclusions du rapport\nd&#8217;enqu\u00eate, l&#8217;\u00e9quipage a perdu le contr\u00f4le de l&#8217;avion en raison d&#8217;un contr\u00f4le inappropri\u00e9 des op\u00e9rations, d&#8217;un manque de\ncoordination entre les membres d&#8217;\u00e9quipage, du non-respect des proc\u00e9dures de surveillance de vol et d&#8217;une confusion\ndans l&#8217;utilisation du pilote automatique, outre un d\u00e9collage sans l&#8217;autorisation de la tour de contr\u00f4le, et la soci\u00e9t\u00e9 Kenya\nAirways avait connaissance des lacunes du commandant de bord dans ses performances ; l&#8217;indemnisation doit donc \u00eatre\ntotale et sans limite ;\n<\/p>\n\n\n\n<p>Sur la qualit\u00e9 \u00e0 agir des demanderesses : elles agissent en qualit\u00e9 d&#8217;h\u00e9riti\u00e8res de Th\u00e9r\u00e8se N. \u00e9pouse K. (filles de la\nd\u00e9funte) en r\u00e9paration des pr\u00e9judices de celle-ci et \u00e0 titre personnel en r\u00e9paration de leurs propres pr\u00e9judices ;\n<\/p>\n\n\n\n<p>Sur les pr\u00e9judices de Th\u00e9r\u00e8se N. \u00e9pouse K. : il convient de r\u00e9parer le pr\u00e9judice moral n\u00e9 de l&#8217;angoisse extr\u00eame de la passag\u00e8re apr\u00e8s le d\u00e9collage et des souffrances subies entre le moment de l&#8217;\u00e9crasement de l&#8217;a\u00e9ronef et le d\u00e9c\u00e8s, pr\u00e9sum\u00e9 n&#8217;\u00eatre intervenu qu&#8217;au moment de la d\u00e9couverte de l&#8217;avion, 40 heures plus tard ; doit \u00e9galement \u00eatre r\u00e9par\u00e9e la perte d&#8217;esp\u00e9rance de vie qui constitue un pr\u00e9judice distinct devant \u00eatre \u00e9valu\u00e9 en tenant compte de l&#8217;\u00e2ge de la victime (52 ans) et de son esp\u00e9rance de vie pendant encore 25 ans sur la base de 6.000 euro par an ; le pr\u00e9judice mat\u00e9riel est constitu\u00e9 par la perte de l&#8217;argent liquide qu&#8217;avait emport\u00e9 la victime pour ses affaires en Chine, estim\u00e9 \u00e0 19.710 euro, et par la perte de valeur de son fonds de commerce calcul\u00e9 par un cabinet d&#8217;expertise sur la base des trois derni\u00e8res ann\u00e9es ; <\/p>\n\n\n\n<p>Sur les pr\u00e9judices propres des demanderesses : elles r\u00e9clament r\u00e9paration de leur pr\u00e9judice moral (qui doit int\u00e9grer la\ndimension collective de la catastrophe, les difficult\u00e9s d&#8217;identification du corps et le d\u00e9lai de rapatriement de la\nd\u00e9pouille),des frais d&#8217;obs\u00e8ques et de voyages et s\u00e9jours sur place, de la perte des secours et subsides dont elles\nb\u00e9n\u00e9ficiaient de la part de leur m\u00e8re, Victoire \u00e9tant encore \u00e9tudiante en Allemagne au moment du d\u00e9c\u00e8s, et de la perte\nde chance de percevoir un h\u00e9ritage plus important (si la cour ne retenait pas la perte du fonds de commerce) ; elles\nindiquent \u00e0 cet \u00e9gard qu&#8217;elles sont les seules h\u00e9riti\u00e8res l\u00e9gitimes de leur p\u00e8re, d\u00e9c\u00e9d\u00e9 en 2011, qu&#8217;elles ont donc droit \u00e0\n58% de sa part de communaut\u00e9 sur le fonds de commerce et qu&#8217;eu \u00e9gard \u00e0 la consistance du patrimoine commun des\n\u00e9poux, il doit leur \u00eatre allou\u00e9 la totalit\u00e9 de l&#8217;indemnit\u00e9 \u00e0 titre de provision sur leur part ;\n<\/p>\n\n\n\n<p>Sur les frais engag\u00e9s : ils sont justifi\u00e9s par les factures d&#8217;avocats comprenant les recherches et d\u00e9placements pour\nd\u00e9terminer les responsabilit\u00e9s et il doit \u00eatre tenu compte de la situation patrimoniale des demanderesses, l&#8217;une infirmi\u00e8re\nen Belgique, l&#8217;autre informaticienne en Allemagne, en cong\u00e9 maternit\u00e9.\n<\/p>\n\n\n\n<p>La soci\u00e9t\u00e9 Air France et la soci\u00e9t\u00e9 Kenya Airways, en l&#8217;\u00e9tat de leurs derni\u00e8res \u00e9critures signifi\u00e9es le 3 octobre 2014,\nconcluent, sur la responsabilit\u00e9, \u00e0 l&#8217;infirmation du jugement en ce qu&#8217;il a retenu la responsabilit\u00e9 de la soci\u00e9t\u00e9 Air France\net \u00e0 la mise hors de cause de celle-ci et sur l&#8217;indemnisation, \u00e0 son infirmation partielle, demandant \u00e0 la cour, de :\n<\/p>\n\n\n\n<p>R\u00e9former le jugement en ce qu&#8217;il a allou\u00e9 la somme de 15.000 euro au titre du pr\u00e9judice moral de la victime et rejeter\ncette demande,\n<\/p>\n\n\n\n<p>Confirmer le jugement en ce qu&#8217;il a fait application du plafond de 1000 DTS pour l&#8217;indemnisation du pr\u00e9judice mat\u00e9riel\nde la victime,\n<\/p>\n\n\n\n<p>Le confirmer en ce qu&#8217;il a rejet\u00e9 la demande au titre de la perte de chance de survie de la victime,\n<\/p>\n\n\n\n<p>Le confirmer sur les frais d&#8217;obs\u00e8ques,\n<\/p>\n\n\n\n<p>R\u00e9duire la demande au titre du pr\u00e9judice moral des deux filles de Th\u00e9r\u00e8se N. \u00e9pouse K.,\n<\/p>\n\n\n\n<p>Confirmer le jugement en ce qu&#8217;il a rejet\u00e9 leurs demandes de perte de secours et de subsides,\n<\/p>\n\n\n\n<p>Le confirmer en ce qu&#8217;il a rejet\u00e9 les demandes au titre de l&#8217;affaiblissement du patrimoine de la victime et de la perte de\nchance de percevoir en h\u00e9ritage un patrimoine plus important,\n<\/p>\n\n\n\n<p>Rejeter la demande au titre de la perte de valeur du fonds de commerce et, \u00e0 titre subsidiaire, dire que le fonds avait une\nvaleur de 127.000 euro et que la chance perdue n&#8217;exc\u00e8de pas 15% et dire que les demanderesses ne sont en droit de\nr\u00e9clamer que la moiti\u00e9 de la valeur perdue,\n<\/p>\n\n\n\n<p>Condamner in solidum Mme Victoire K. et Mme Anne-Aur\u00e9lie K. \u00e0 leur payer la somme de 5.000 euro en application des dispositions de l&#8217;article 700 du code de proc\u00e9dure civile et rejeter leur demande sur ce fondement tant \u00e0 l&#8217;\u00e9gard de la soci\u00e9t\u00e9 Air France que de la soci\u00e9t\u00e9 Kenya Airways. <\/p>\n\n\n\n<p>Elles font valoir pour l&#8217;essentiel les moyens et arguments suivants :\n<\/p>\n\n\n\n<p>Sur la responsabilit\u00e9 de la soci\u00e9t\u00e9 Air France : les demanderesses ont recherch\u00e9 sa responsabilit\u00e9 pour valider la\ncomp\u00e9tence des juridictions fran\u00e7aises mais ne formulent de griefs que contre la soci\u00e9t\u00e9 Kenya Airways ; c&#8217;est \u00e0 bon\ndroit que le tribunal a retenu que l&#8217;arr\u00eat de la cour n&#8217;avait pas autorit\u00e9 de chose jug\u00e9e, son dispositif ne contenant aucune\ndisposition sur la qualit\u00e9 de transporteur contractuel de la soci\u00e9t\u00e9 Air France ; le seul document probant est le billet\n\u00e9lectronique lui-m\u00eame et ses mentions selon lesquelles Air France n&#8217;est que l&#8217;\u00e9metteur alors que le transporteur\ncontractuel et de fait est la soci\u00e9t\u00e9 Kenya Airways ( mention \u00ab carrier : KQ \u00bb et num\u00e9ro de vol \u00ab KQ507 \u00bb) ; m\u00eame si le\nbillet a \u00e9t\u00e9 \u00e9mis dans le cadre du programme de fid\u00e9lit\u00e9 Flying Blue, ce sont les conditions g\u00e9n\u00e9rales du partenaire qui\ns&#8217;appliquent, donc celles de Kenya Airways qui est n\u00e9cessairement le transporteur contractuel ; le document remis apr\u00e8s\nl&#8217;accident aux consorts K. et constituant leur pi\u00e8ce n\u00b01 n&#8217;est pas pertinent pour appr\u00e9cier la croyance de Th\u00e9r\u00e8se N.\n\u00e9pouse K. dans la qualit\u00e9 de transporteur d&#8217;Air France et le fait qu&#8217;il ait \u00e9t\u00e9 imprim\u00e9 sur support papier Air France n&#8217;est\npas probant ;\n<\/p>\n\n\n\n<p>Sur l&#8217;action successorale de Mme Victoire K. et Mme Anne-Aur\u00e9lie K. : les demanderesses ne justifient pas de la\npossession d&#8217;argent liquide par Th\u00e9r\u00e8se N. \u00e9pouse K., subsidiairement il faut faire application de l&#8217;article 22 de la\nConvention de Montr\u00e9al et limiter la r\u00e9paration \u00e0 1.000 DTS ; le pr\u00e9judice moral de la victime doit \u00eatre rejet\u00e9 en raison\nde la soudainet\u00e9 de l&#8217;accident et du d\u00e9c\u00e8s instantan\u00e9 de celle-ci, le pr\u00e9judice personnel n&#8217;\u00e9tant d\u00e8s lors pas n\u00e9 dans le\npatrimoine du d\u00e9funt lors de son d\u00e9c\u00e8s ; le pr\u00e9judice de perte de chance de survie n&#8217;est constitu\u00e9 que lorsque la victime\nn&#8217;a pas re\u00e7u les soins n\u00e9cessaires \u00e0 son \u00e9tat, mais la soudainet\u00e9 de l&#8217;accident permet d&#8217;\u00e9carter ce chef de pr\u00e9judice ;\n<\/p>\n\n\n\n<p>Sur les pr\u00e9judices des demanderesses : la demande au titre de la perte de secours et de subsides doit \u00eatre rejet\u00e9e \u00e0 d\u00e9faut\npour les demanderesses (\u00e2g\u00e9es de 24 et 36 ans au moment du d\u00e9c\u00e8s) de d\u00e9montrer que leur m\u00e8re continuait de subvenir\nfinanci\u00e8rement \u00e0 leurs besoins ; le pr\u00e9judice d\u00e9nomm\u00e9 affaiblissement du patrimoine ou perte de valeur du fonds de\ncommerce n&#8217;est pas indemnisable car il est purement hypoth\u00e9tique en ce qu&#8217;il revient \u00e0 sp\u00e9culer sur l&#8217;\u00e9volution du\npatrimoine de la victime et sur la date de sa mort \u00ab naturelle \u00bb , \u00e9tant rappel\u00e9 que les h\u00e9ritiers n&#8217;ont aucun droit acquis\nsur le patrimoine de leur parent dont celui-ci dispose librement ; au demeurant, le rapport d&#8217;expertise produit n&#8217;est pas\nprobant, en l&#8217;absence de connaissance des tentatives de revente du fonds ou de ses \u00e9l\u00e9ments d&#8217;actif, et en l&#8217;absence de\nd\u00e9termination des \u00e9l\u00e9ments du contexte local influant sur son \u00e9valuation ; subsidiairement, les intim\u00e9es produisent un\nrapport de M. L. qui conclut que le fonds peut \u00eatre estim\u00e9 \u00e0 la somme de 127.000 euro et les appelantes ne peuvent\npr\u00e9tendre qu&#8217;\u00e0 la moiti\u00e9 de la valeur du fonds qui faisait partie de la communaut\u00e9 des \u00e9poux K. qui n&#8217;est pas liquid\u00e9e ;\n<\/p>\n\n\n\n<p>Sur les frais : ils sont exorbitants alors que l&#8217;affaire ne pr\u00e9sente pas de difficult\u00e9 particuli\u00e8re puisque la responsabilit\u00e9\nobjective de la soci\u00e9t\u00e9 Kenya Airways n&#8217;a jamais \u00e9t\u00e9 contest\u00e9e ; en outre, les intim\u00e9s ont propos\u00e9 une offre\ntransactionnelle apr\u00e8s le jugement \u00e0 hauteur de 95.000 euro, sup\u00e9rieure aux sommes allou\u00e9es par le tribunal.\n<\/p>\n\n\n\n<p>La proc\u00e9dure a \u00e9t\u00e9 cl\u00f4tur\u00e9e par ordonnance en date du 14 novembre 2014.\n<\/p>\n\n\n\n<h5 class=\"wp-block-heading\">MOTIFS DE LA DECISION :\n<\/h5>\n\n\n\n<h5 class=\"wp-block-heading\">Sur la responsabilit\u00e9 de la soci\u00e9t\u00e9 Air France en qualit\u00e9 de transporteur contractuel : <\/h5>\n\n\n\n<p>Consid\u00e9rant qu&#8217;en application des dispositions combin\u00e9es des articles des articles 77 et 95 du code de proc\u00e9dure civile, c&#8217;est seulement lorsque le juge a, en se pronon\u00e7ant sur la comp\u00e9tence, tranch\u00e9 dans le dispositif du jugement la question de fond dont d\u00e9pend cette comp\u00e9tence que sa d\u00e9cision a autorit\u00e9 de la chose jug\u00e9e sur la question de fond ; <\/p>\n\n\n\n<p>1. qu&#8217;en l&#8217;esp\u00e8ce, la cour d&#8217;appel, dans son arr\u00eat du 12 janvier 2011, a, dans son dispositif, infirm\u00e9 l&#8217;ordonnance du juge de la mise en \u00e9tat ayant d\u00e9clar\u00e9 les juridictions fran\u00e7aises internationalement incomp\u00e9tentes, et d\u00e9clar\u00e9 le tribunal de grande instance de Bobigny comp\u00e9tent pour statuer sur les demandes pr\u00e9sent\u00e9es par Mme Victoire K. et Mme Anne-Aur\u00e9lie K. ; <\/p>\n\n\n\n<p>2. que, certes, pour aboutir \u00e0 cette d\u00e9cision, elle a consid\u00e9r\u00e9 que, si la soci\u00e9t\u00e9 Kenya Airways avait la qualit\u00e9 de transporteur de fait, la soci\u00e9t\u00e9 Air France avait la qualit\u00e9 de transporteur contractuel ce qui justifiait le choix des demanderesses, sur le fondement de l&#8217;article 42 du code de proc\u00e9dure civile, d&#8217;assigner les d\u00e9fenderesses devant le tribunal de grande instance du lieu du si\u00e8ge social du transporteur contractuel ; mais que cette consid\u00e9ration n&#8217;ayant pas \u00e9t\u00e9 reprise dans le dispositif ne b\u00e9n\u00e9ficie pas de l&#8217;autorit\u00e9 de chose jug\u00e9e attach\u00e9e \u00e0 la d\u00e9cision ; <\/p>\n\n\n\n<p>Consid\u00e9rant que: <\/p>\n\n\n\n<ol class=\"wp-block-list\"><li>Mme Victoire K. et Mme Anne-Aur\u00e9lie K. soutiennent que la soci\u00e9t\u00e9 Air France a la qualit\u00e9 de transporteur contractuel au sens de l&#8217;article 39 de la Convention de Montr\u00e9al alors que la soci\u00e9t\u00e9 Kenya Airways a celle de transporteur de fait, la premi\u00e8re ayant vendu le billet \u00e0 Th\u00e9r\u00e8se N. \u00e9pouse K. et conclu avec elle le contrat de transport, alors que c&#8217;est la seconde qui a effectu\u00e9 le vol ; <\/li><li>elles produisent aux d\u00e9bats pour en convaincre la cour, comme elles ont convaincu les premiers juges, le billet \u00e9lectronique qui a \u00e9t\u00e9 \u00e9dit\u00e9 par la soci\u00e9t\u00e9 Air France, post\u00e9rieurement \u00e0 l&#8217;accident, sur un formulaire de carte d&#8217;embarquement Air France et qui comporte un num\u00e9ro de billet 05721145889336 dont l&#8217;indicatif 057 correspond \u00e0 la compagnie Air France ;<\/li><li>le tribunal a retenu que ce billet \u00e9lectronique constituait le document contractuel liant les parties et que la soci\u00e9t\u00e9 Air France \u00e9tait le transporteur contractuel pour avoir vendu le billet lequel avait \u00e9t\u00e9 pay\u00e9, au moins pour partie, par des points de fid\u00e9lit\u00e9 du programme Flying Blue et portait la r\u00e9f\u00e9rence Skyteam, et qu&#8217;il ne faisait aucune r\u00e9f\u00e9rence aux conditions IATA (Association du transport a\u00e9rien) ni au MITA (Multilat\u00e9ral Interline Traffic Agreements) liant les compagnies entre elles et qui auraient permis d&#8217;opposer \u00e0 l&#8217;acheteuse du billet qu&#8217;Air France n&#8217;intervenait qu&#8217;en qualit\u00e9 d&#8217;agent de la soci\u00e9t\u00e9 Kenya Airways ; <\/li><li> force est de constater que, si le \u00ab billet \u00bb produit par les ayants-droit de Th\u00e9r\u00e8se N. \u00e9pouse K. comporte les mentions \u00ab Air France \u00bb c&#8217;est en raison du simple fait qu&#8217;il a \u00e9t\u00e9 \u00e9dit\u00e9, a posteriori, sur une carte d&#8217;embarquement de cette compagnie alors qu&#8217;il s&#8217;agissait en r\u00e9alit\u00e9 d&#8217;un billet \u00e9lectronique ne comportant pas ces mentions ; <\/li><li>il ne peut donc \u00eatre tir\u00e9 argument de ce \u00ab billet \u00bb pour soutenir que Th\u00e9r\u00e8se N. \u00e9pouse K. pouvait penser l\u00e9gitimement voyager avec Air France ; <\/li><li> le billet \u00e9lectronique mentionne qu&#8217;il est \u00e9mis (issued by) par Air France (son num\u00e9ro ne pouvant d\u00e8s lors que commencer par l&#8217;indicatif 057) mais qu&#8217;il indique de mani\u00e8re tr\u00e8s claire que le transport est effectu\u00e9 par la soci\u00e9t\u00e9 Kenya Airways (carrier : KQ) sur un vol r\u00e9gulier (KG 0507); <\/li><li>son prix a \u00e9t\u00e9 pay\u00e9 par l&#8217;utilisation de points de fid\u00e9lit\u00e9 du programme Flying Blue qui permet au voyageur d&#8217;utiliser les Miles Flying Blue accumul\u00e9s sur les vols de chacune des compagnies de l&#8217;Alliance Sky Team pour embarquer sur les vols de ces compagnies, parmi lesquelles se trouve la soci\u00e9t\u00e9 Air France et la soci\u00e9t\u00e9 Kenya Airways ; <\/li><li>l&#8217;utilisation par Th\u00e9r\u00e8se N. \u00e9pouse K. de ses points de fid\u00e9lit\u00e9 Flying Blue n&#8217;est donc pas d\u00e9terminante de la qualit\u00e9 de transporteur contractuel d&#8217;Air France, de m\u00eame que la mention \u00ab Sky Team \u00bb sur le billet ;<\/li><li>certes, le billet \u00e9lectronique ne fait pas r\u00e9f\u00e9rence aux accords IATA et MITA &#8211; ce qui a amen\u00e9 le tribunal \u00e0 consid\u00e9rer que la soci\u00e9t\u00e9 Air France ne pouvait se pr\u00e9valoir de la qualit\u00e9 d&#8217;agent du transporteur dont les services ont \u00e9t\u00e9 vendus &#8211; mais qu&#8217;il a \u00e9t\u00e9 \u00e9mis en ex\u00e9cution du programme de fid\u00e9lit\u00e9 dont les conditions sont parfaitement opposables \u00e0 Th\u00e9r\u00e8se N. \u00e9pouse K. et qui pr\u00e9voient que les primes et avantages obtenus sont soumis aux conditions g\u00e9n\u00e9rales du partenaire les fournissant ; <\/li><li>Th\u00e9r\u00e8se N. \u00e9pouse K. savait donc parfaitement qu&#8217;elle acqu\u00e9rait aupr\u00e8s du guichet Air France de Douala un billet Prime sur un vol effectu\u00e9 par la soci\u00e9t\u00e9 Kenya Airways et r\u00e9pondant aux conditions g\u00e9n\u00e9rales de ce transporteur ; <\/li><li>il est d&#8217;ailleurs int\u00e9ressant de noter \u00e0 cet \u00e9gard que tous les Miles Flying Blue acquis par Th\u00e9r\u00e8se N. \u00e9pouse K. l&#8217;avaient \u00e9t\u00e9 sur des vols Kenya Airways depuis ou vers Douala ; <\/li><li>il convient en cons\u00e9quence de consid\u00e9rer que l&#8217;\u00e9mission par la soci\u00e9t\u00e9 Air France d&#8217;un billet sur un vol Kenya AIRWAYS d\u00e9livr\u00e9 en ex\u00e9cution du programme Flying Blue ne permet pas de retenir sa qualit\u00e9 de transporteur contractuel ; <\/li><li>le jugement sera donc r\u00e9form\u00e9 en ce qu&#8217;il a retenu que la responsabilit\u00e9 de la soci\u00e9t\u00e9 Air France \u00e9tait engag\u00e9e ; <\/li><\/ol>\n\n\n\n<h5 class=\"wp-block-heading\">Sur la responsabilit\u00e9 de la soci\u00e9t\u00e9 Kenya Airways et la r\u00e9paration des pr\u00e9judices subis :\n<\/h5>\n\n\n\n<p>Consid\u00e9rant qu&#8217;aux termes de l&#8217;article 17.1 de la Convention de Montr\u00e9al, le transporteur est responsable du pr\u00e9judice\nsurvenu en cas de mort ou de l\u00e9sion corporelle subie par un passager par cela seul que l&#8217;accident qui a caus\u00e9 la mort ou\nla l\u00e9sion s&#8217;est produit \u00e0 bord de l&#8217;a\u00e9ronef ou au cours de toutes op\u00e9rations d&#8217;embarquement ou de d\u00e9barquement ; que\nl&#8217;article 21.1 pr\u00e9voit que le transporteur ne peut exclure ou limiter sa responsabilit\u00e9 pour les dommages ne d\u00e9passant pas\n100.000 droits de tirage sp\u00e9ciaux par passager et que l&#8217;article 21.2 ajoute qu&#8217;il n&#8217;est pas responsable pour les dommages\nd\u00e9passant 100.000 droits de tirage sp\u00e9ciaux s&#8217;il prouve que le dommage n&#8217;est pas d\u00fb \u00e0 la n\u00e9gligence ou \u00e0 un autre acte\nou omission pr\u00e9judiciable du transporteur, de ses pr\u00e9pos\u00e9s ou de ses mandataires, ou que les dommages r\u00e9sultent\nuniquement de la n\u00e9gligence ou d&#8217;un autre acte ou omission pr\u00e9judiciable d&#8217;un tiers ;\n<\/p>\n\n\n\n<p>Que le tribunal a justement relev\u00e9 que le d\u00e9c\u00e8s de Th\u00e9r\u00e8se N. \u00e9pouse K. \u00e9tait survenu au cours du vol KQ 0507 de la\nsoci\u00e9t\u00e9 Kenya Airways et que cette compagnie n&#8217;opposait aucune cause d&#8217;exon\u00e9ration au sens de l&#8217;article 21.2\nsusceptible d&#8217;exclure ou de limiter sa garantie ; qu&#8217;il sera donc confirm\u00e9 en ce qu&#8217;il a condamn\u00e9 la soci\u00e9t\u00e9 Kenya\nAirways \u00e0 r\u00e9parer l&#8217;entier pr\u00e9judice subi du fait du d\u00e9c\u00e8s de la victime, sans aucune limitation de montant ;\n<\/p>\n\n\n\n<p>Consid\u00e9rant que l&#8217;article 22.2 de la Convention de Montr\u00e9al pr\u00e9voit par ailleurs que, dans le transport de bagages, la\nresponsabilit\u00e9 du transporteur en cas de destruction, perte, avarie ou retard, est limit\u00e9e \u00e0 la somme de 1000 droits de\ntirage sp\u00e9ciaux (DTS) par passager, sauf d\u00e9claration sp\u00e9ciale d&#8217;int\u00e9r\u00eat \u00e0 la livraison faite par le passager au moment de\nla remise des bagages enregistr\u00e9s ; que la soci\u00e9t\u00e9 Kenya Airways sera donc condamn\u00e9e \u00e0 r\u00e9parer le pr\u00e9judice mat\u00e9riel\nsubi par la victime, sous r\u00e9serve de justification, dans la limite de ce plafond, \u00e0 d\u00e9faut de d\u00e9claration sp\u00e9ciale \u00e0\nl&#8217;embarquement ;\n<\/p>\n\n\n\n<p>Consid\u00e9rant que Mme Victoire K. et Mme Anne-Aur\u00e9lie K. sont recevables \u00e0 agir en r\u00e9paration tant de leurs pr\u00e9judices\npersonnels du fait du d\u00e9c\u00e8s de leur m\u00e8re, que de ceux subis par celle-ci avant son d\u00e9c\u00e8s et entr\u00e9s dans son patrimoine,\nen leur qualit\u00e9 d&#8217;ayants-droit attest\u00e9e par l&#8217;acte de notori\u00e9t\u00e9 produit aux d\u00e9bats ;\n<\/p>\n\n\n\n<h5 class=\"wp-block-heading\">1- Sur les pr\u00e9judices de Th\u00e9r\u00e8se N. \u00e9pouse K. :\n<\/h5>\n\n\n\n<h5 class=\"wp-block-heading\">Pr\u00e9judice moral :\n<\/h5>\n\n\n\n<p>Consid\u00e9rant qu&#8217;il ressort du rapport d&#8217;enqu\u00eate technique sur l&#8217;accident que:<\/p>\n\n\n\n<ol class=\"wp-block-list\"><li>l&#8217;avion s&#8217;est \u00e9cras\u00e9 tr\u00e8s rapidement apr\u00e8s son envol puisqu&#8217;il a d\u00e9coll\u00e9 \u00e0 0h06 et qu&#8217;il s&#8217;est \u00e9cras\u00e9 \u00e0 0h07:42 ; <br><\/li><li>il n&#8217;en demeure pas moins que les passagers ont per\u00e7u la situation d&#8217;extr\u00eame danger dans laquelle ils se trouvaient en raison de la tr\u00e8s mauvaise m\u00e9t\u00e9o qui avait oblig\u00e9 le pilote \u00e0 diff\u00e9rer le d\u00e9part, initialement pr\u00e9vu \u00e0 23h, <br>et surtout en raison des mouvements de roulis et des angles d&#8217;inclinaison subis par l&#8217;appareil et faisant redouter le pire (roulis vers la droite, puis vers la gauche, puis \u00e0 nouveau vers la droite avec angle d&#8217;inclinaison \u00e0 55\u00b0 vers la droite \u00e0 0h07 :28, atteignant 70\u00b0 \u00e0 0h07 :29 et 115\u00b0 \u00e0 0h07 :35) dans le contexte d&#8217;un orage tr\u00e8s violent, suivis d&#8217;une chute en piqu\u00e9 de 2800 pieds en quelques secondes ; <br><\/li><li>il n&#8217;est pas contestable que dans ces quelques instants, les passagers ont eu conscience du caract\u00e8re in\u00e9luctable du crash qui allait intervenir et de leur mort imminente ; <br><\/li><li>il en est r\u00e9sult\u00e9 pour eux, et notamment pour Th\u00e9r\u00e8se N. \u00e9pouse K., un pr\u00e9judice moral qui doit recevoir r\u00e9paration et qui est n\u00e9cessairement entr\u00e9 dans son patrimoine avant son d\u00e9c\u00e8s ; <br><\/li><li>ce pr\u00e9judice a \u00e9t\u00e9 justement \u00e9valu\u00e9 par le tribunal \u00e0 la somme de 15.000 euro et que c&#8217;est en vain que les appelantes en sollicitent l&#8217;augmentation en invoquant l&#8217;existence de souffrances physiques avant le d\u00e9c\u00e8s qui n&#8217;est pas d\u00e9montr\u00e9e <br>et qui ne peut \u00eatre retenue, le d\u00e9c\u00e8s ne pouvant qu&#8217;avoir \u00e9t\u00e9 imm\u00e9diat compte tenu des conditions dans lesquelles l&#8217;avion s&#8217;est \u00e9cras\u00e9 au sol et des constatations de l&#8217;enqu\u00eate technique retenant que l&#8217;impact s&#8217;est produit \u00e0 forte vitesse ; <\/li><\/ol>\n\n\n\n<h5 class=\"wp-block-heading\">Perte d&#8217;esp\u00e9rance de vie :\n<\/h5>\n\n\n\n<p>Consid\u00e9rant que le tribunal a justement rejet\u00e9 toute indemnisation d&#8217;une perte de chance li\u00e9e \u00e0 l&#8217;esp\u00e9rance de vie de la\nvictime en retenant que cette derni\u00e8re ne pouvait se pr\u00e9valoir du droit de vivre jusqu&#8217;\u00e0 un \u00e2ge d\u00e9termin\u00e9, compte tenu\ndes al\u00e9as et accidents de la vie ainsi que des fluctuations de l&#8217;\u00e9tat de sant\u00e9 de chacun interdisant que puisse exister un\ndroit acquis entr\u00e9 dans le patrimoine de la victime de son vivant et transmissible \u00e0 ses h\u00e9ritiers lorsque survient son\nd\u00e9c\u00e8s ; que le seul pr\u00e9judice r\u00e9parable au titre de la perte de l&#8217;esp\u00e9rance de vie est celui n\u00e9 de la conscience ressentie par\nla victime, avant son d\u00e9c\u00e8s, du caract\u00e8re abr\u00e9g\u00e9 de sa vie du fait de l&#8217;accident ou de la faute d&#8217;un tiers, c&#8217;est-\u00e0-dire le\npr\u00e9judice moral li\u00e9 \u00e0 la conscience de l&#8217;imminence de son d\u00e9c\u00e8s, d\u00e9j\u00e0 r\u00e9par\u00e9 dans le cadre du pr\u00e9judice moral \u00e9valu\u00e9\nplus haut ; que si la notion de perte de chance de survie a pu \u00eatre \u00e9voqu\u00e9e en jurisprudence, c&#8217;est \u00e0 raison de la perte de\nchance que peut subir une victime, en mati\u00e8re de responsabilit\u00e9 m\u00e9dicale, de survivre \u00e0 son affection, en raison d&#8217;une\nfaute du professionnel de sant\u00e9, mais qu&#8217;il ne s&#8217;agit jamais d&#8217;indemniser la victime de la perte d&#8217;un droit acquis \u00e0 vivre ;\n<\/p>\n\n\n\n<h5 class=\"wp-block-heading\">Pr\u00e9judice mat\u00e9riel :\n<\/h5>\n\n\n\n<p>Consid\u00e9rant que Mme Victoire K. et Mme Anne-Aur\u00e9lie K. produisent une attestation de M. G. K. certifiant que\nTh\u00e9r\u00e8se N. \u00e9pouse K., commer\u00e7ante au march\u00e9 central de Douala, participait activement \u00e0 la tontine (forme de\nconvention d&#8217;\u00e9pargne entre personnes pla\u00e7ant leur argent en commun) dont il est le pr\u00e9sident et qu&#8217;elle avait retir\u00e9 le 6\navril 2007 une somme de dix millions de francs CFA (soit une somme de 14.600 euro environ) pour effectuer ses achats\nen Chine, comme \u00e0 chacun de ses voyages d&#8217;affaires ; que cette attestation est confirm\u00e9e par un t\u00e9moin, M. K.,\n\u00e9galement membre de la tontine ;\n<\/p>\n\n\n\n<p>Que les appelantes communiquent par ailleurs un extrait de compte bancaire dont il ressort que leur m\u00e8re avait\n\u00e9galement retir\u00e9, le 4 avril 2007, une somme de 3.500.000 francs CFA en esp\u00e8ces \u00e0 la banque, ce qui repr\u00e9sente une\nsomme de l&#8217;ordre de 5.110 euro ;\n<\/p>\n\n\n\n<p>Que s&#8217;il n&#8217;est pas possible de conna\u00eetre pr\u00e9cis\u00e9ment quelle \u00e9tait la somme que Th\u00e9r\u00e8se N. \u00e9pouse K. avait emport\u00e9e dans ses effets personnels pour r\u00e9aliser ses affaires en Chine, il ressort de ces pi\u00e8ces qu&#8217;elle transportait des fonds relativement importants en esp\u00e8ces, mais qu&#8217;elle n&#8217;avait fait aucune d\u00e9claration particuli\u00e8re aupr\u00e8s de la compagnie ; que d\u00e8s lors c&#8217;est \u00e0 bon droit que le tribunal a fait application des dispositions de l&#8217;article 22.2 de la convention de Montr\u00e9al et condamn\u00e9 la soci\u00e9t\u00e9 Kenya Airways \u00e0 indemniser la victime \u00e0 hauteur de la somme de 1000 DTS ; <\/p>\n\n\n\n<h5 class=\"wp-block-heading\">Perte du fonds de commerce :\n<\/h5>\n\n\n\n<p>Consid\u00e9rant que c&#8217;est en vain que Mme Victoire K. et Mme Anne-Aur\u00e9lie K. r\u00e9clament, dans le cadre leur action\nsuccessorale en tant que venant aux droits de Th\u00e9r\u00e8se N. \u00e9pouse K., la r\u00e9paration du pr\u00e9judice financier r\u00e9sultant de la\nperte du fonds de commerce de la victime, la disparition all\u00e9gu\u00e9e de ce fonds n&#8217;\u00e9tant que la cons\u00e9quence du d\u00e9c\u00e8s et\n\u00e9tant donc survenue post\u00e9rieurement \u00e0 celui-ci, de sorte que le pr\u00e9judice en r\u00e9sultant n&#8217;est pas entr\u00e9 dans le patrimoine\nde la d\u00e9funte ;\n<\/p>\n\n\n\n<h5 class=\"wp-block-heading\">2- Sur les pr\u00e9judices propres des deux appelantes :\n<\/h5>\n\n\n\n<h5 class=\"wp-block-heading\">Pr\u00e9judice moral :\n<\/h5>\n\n\n\n<p>Consid\u00e9rant que le tribunal a justement appr\u00e9ci\u00e9 ce poste de pr\u00e9judice en retenant que les demanderesses, \u00e2g\u00e9es de 36\nans et de 24 ans, ne vivaient plus avec la victime depuis plusieurs ann\u00e9es puisqu&#8217;elles r\u00e9sidaient en Belgique et en\nAllemagne o\u00f9 l&#8217;une exer\u00e7ait la profession d&#8217;infirmi\u00e8re alors que l&#8217;autre \u00e9tait encore \u00e9tudiante mais en prenant en\nconsid\u00e9rations les circonstances particuli\u00e8res de la disparition de leur m\u00e8re tenant \u00e0 sa dimension de catastrophe\ncollective, \u00e0 l&#8217;attente de la famille apr\u00e8s l&#8217;annonce de l&#8217;accident jusqu&#8217;\u00e0 la d\u00e9couverte des restes de l&#8217;avion et\nl&#8217;identification des corps, \u00e0 l&#8217;\u00e9loignement g\u00e9ographique des deux filles, aux d\u00e9lais de rapatriement de la d\u00e9pouille et \u00e0\nl&#8217;angoisse li\u00e9e \u00e0 la m\u00e9connaissance, pendant plusieurs ann\u00e9es, des conclusions de l&#8217;enqu\u00eate technique et des raisons de\nl&#8217;accident ; que la fixation de l&#8217;indemnit\u00e9 \u00e0 la somme de 25.000 euro pour chacune d&#8217;elles prend en compte l&#8217;ensemble de\nces \u00e9l\u00e9ments et sera confirm\u00e9e ;\n<\/p>\n\n\n\n<h5 class=\"wp-block-heading\">Pr\u00e9judice \u00e9conomique :\n<\/h5>\n\n\n\n<p>Consid\u00e9rant que le tribunal a retenu comme justifi\u00e9e uniquement la somme de 1.438,81 euro correspondant au total des\ndeux billets d&#8217;avion produits aux d\u00e9bats, l&#8217;un au nom de Xavier G. entre le 17 mai et le 24 mai 2007, l&#8217;autre au nom\nd&#8217;Annie-Aur\u00e9lie entre le 25 octobre et le 9 novembre 2007 ; que, certes, les appelantes ne produisent pas les justificatifs\ndes autres voyages qu&#8217;elles ont effectu\u00e9s entre Paris ou Bruxelles et Douala, mais qu&#8217;il ressort des t\u00e9moignages qu&#8217;elles\nse sont d\u00e9plac\u00e9es \u00e0 trois reprises au Cameroun, dans les suites imm\u00e9diates de l&#8217;accident en mai 2007, puis lors de la\nlev\u00e9e de corps en fin octobre 2007 et des obs\u00e8ques en janvier 2008 ; qu&#8217;il convient de les indemniser de ces frais en leur\nallouant la somme de 5.000 euro ;\n<\/p>\n\n\n\n<h5 class=\"wp-block-heading\">Perte de secours et de subsides :\n<\/h5>\n\n\n\n<p>Consid\u00e9rant que si Mme Anne-Aur\u00e9lie K., alors \u00e2g\u00e9e de 36 ans, exer\u00e7ait la profession d&#8217;infirmi\u00e8re en Belgique au moment du d\u00e9c\u00e8s de sa m\u00e8re et ne justifie pas avoir re\u00e7u de cette derni\u00e8re des secours et subsides, il en est diff\u00e9remment de la seconde fille de la victime, Mme Victoire K. qui, \u00e2g\u00e9e de 24 ans, \u00e9tait encore \u00e9tudiante en informatique en Allemagne et qui justifie, par la production de l&#8217;attestation de M. T. K., que sa m\u00e8re lui adressait, de mani\u00e8re ponctuelle, une aide financi\u00e8re de l&#8217;ordre de 4.500 \u00e0 6.000 euro ; que force est toutefois de constater que rien n&#8217;indique, dans cette attestation, la fr\u00e9quence de ces aides et qu&#8217;il appara\u00eet que Mme Victoire K. a termin\u00e9 ses \u00e9tudes en 2008 ; qu&#8217;il convient en cons\u00e9quence de fixer \u00e0 la somme de 15.000 euro le montant du pr\u00e9judice \u00e9conomique r\u00e9sultant pour elle de la perte des aides de sa m\u00e8re pendant la fin de ses \u00e9tudes ; que la demande de Mme Anne-Aur\u00e9lie K. de ce chef sera par contre rejet\u00e9e ; <\/p>\n\n\n\n<h5 class=\"wp-block-heading\">Perte de chance de percevoir un patrimoine successoral plus important :\n<\/h5>\n\n\n\n<p>Consid\u00e9rant que Mme Victoire K. et Mme Anne-Aur\u00e9lie K. r\u00e9clament, \u00e0 d\u00e9faut d&#8217;indemnisation de la perte du fonds de\ncommerce dans le cadre de l&#8217;action successorale, l&#8217;indemnisation du pr\u00e9judice r\u00e9sultant pour elles de l&#8217;affaiblissement du\npatrimoine dont elles ont h\u00e9rit\u00e9 \u00e0 raison de la disparition du fonds de commerce de leur m\u00e8re ; qu&#8217;elles produisent aux\nd\u00e9bats un rapport comptable du cabinet CSA \u00e0 Levallois Perret qui, au regard des documents comptables produits, a\nestim\u00e9 la valeur \u00e9conomique du fonds de commerce exploit\u00e9 par Th\u00e9r\u00e8se N. \u00e9pouse K. \u00e0 256.551 euro et elles r\u00e9clament\nl&#8217;indemnisation de leur pr\u00e9judice \u00e0 hauteur de cette somme ;\n<\/p>\n\n\n\n<p>Qu&#8217;il convient toutefois de consid\u00e9rer, d&#8217;une part que les h\u00e9ritiers n&#8217;ont pas un droit acquis sur le patrimoine de leur\nauteur qui en dispose librement et dont la teneur et la valeur sont susceptibles d&#8217;\u00e9volution en plus ou moins-value tout au\nlong de la vie de celui-ci et jusqu&#8217;\u00e0 son d\u00e9c\u00e8s, d&#8217;autre part que les appelantes ne justifient pas du devenir du fonds de\ncommerce de leur m\u00e8re apr\u00e8s l&#8217;accident, n&#8217;apportant aucun \u00e9l\u00e9ment sur l&#8217;\u00e9ventuelle revente du fonds ou de ses \u00e9l\u00e9ments\nd&#8217;actif, droit au bail et stocks, alors qu&#8217;il ressort du jugement du tribunal de premi\u00e8re instance de Douala du 15 octobre\n2007 que Mme Anne-Aur\u00e9lie K. avait \u00e9t\u00e9 nomm\u00e9e administratrice des biens de la succession, en compris le commerce\nde la d\u00e9funte dont il \u00e9tait pr\u00e9vu que soit fait l&#8217;inventaire ;\n<\/p>\n\n\n\n<p>Que Mme Victoire K. et Mme Anne-Aur\u00e9lie K. seront en cons\u00e9quence d\u00e9bout\u00e9es de leur demande de ce chef ;\n<\/p>\n\n\n\n<h5 class=\"wp-block-heading\">Sur la demande form\u00e9e au titre de l&#8217;article 700 du code de proc\u00e9dure civile :\n<\/h5>\n\n\n\n<p>Consid\u00e9rant qu&#8217;aux termes de l&#8217;article 700 du code de proc\u00e9dure civile, le juge condamne la partie tenue aux d\u00e9pens \u00e0\npayer \u00e0 l&#8217;autre partie la somme qu&#8217;il d\u00e9termine au titre des frais expos\u00e9s et non compris dans les d\u00e9pens, en tenant\ncompte de l&#8217;\u00e9quit\u00e9 ou de la situation \u00e9conomique de la partie condamn\u00e9e ; que parmi ces frais d\u00e9nomm\u00e9s irr\u00e9p\u00e9tibles se\ntrouvent les honoraires d&#8217;avocat et d&#8217;experts amiables ;\n<\/p>\n\n\n\n<p>Que Mme Victoire K. et Mme Anne-Aur\u00e9lie K. font \u00e9tat de factures d&#8217;avocat r\u00e9gl\u00e9es \u00e0 hauteur de 5.000 euro en mai\n2007 et de 71.985 euro entre juin 2007 et janvier 2012 correspondant \u00e0 la premi\u00e8re instance, puis d&#8217;une note\nd&#8217;honoraires de 5.474 euro pour la p\u00e9riode de janvier \u00e0 octobre 2013 et une provision de 25.000 euro en d\u00e9cembre 2013\ncorrespondant \u00e0 l&#8217;appel, enfin une note d&#8217;honoraires du cabinet W., avocat au conseil, d&#8217;un montant de 3.588 euro ;\nqu&#8217;elles produisent \u00e9galement une facture d&#8217;honoraires du cabinet CSA d&#8217;un montant de 1.800 euro ;\n<\/p>\n\n\n\n<p>Qu&#8217;il n&#8217;appartient pas \u00e0 la juridiction de porter quelque appr\u00e9ciation que ce soit sur le montant des honoraires d&#8217;avocat\nfactur\u00e9s, les \u00e9ventuelles contestations et r\u00e9clamations de ce chef relevant des dispositions des articles 175 et suivants du\nd\u00e9cret du 27 novembre 1991, mais qu&#8217;il lui revient, ind\u00e9pendamment des factures produites, d&#8217;\u00e9valuer, au regard des\nfrais justifi\u00e9s par les n\u00e9cessit\u00e9s du dossier et en consid\u00e9ration des \u00e9l\u00e9ments d&#8217;\u00e9quit\u00e9, le montant de l&#8217;indemnit\u00e9 mise \u00e0 la\ncharge de la partie succombante ;\n<\/p>\n\n\n\n<p>Qu&#8217;il y a lieu de fixer cette indemnit\u00e9 \u00e0 la somme de 15.000 euro en premi\u00e8re instance et \u00e0 celle de 10.000 euro en cause d&#8217;appel ; <\/p>\n\n\n\n<p>Vu l&#8217;article 696 du code de proc\u00e9dure civile,\n<\/p>\n\n\n\n<h5 class=\"wp-block-heading\">PAR CES MOTIFS,\n<\/h5>\n\n\n\n<p>Statuant publiquement, contradictoirement,\n<\/p>\n\n\n\n<p>Infirme le jugement d\u00e9f\u00e9r\u00e9 en ce qu&#8217;il a d\u00e9clar\u00e9 la soci\u00e9t\u00e9 Air France responsable des cons\u00e9quences dommageables de\nl&#8217;accident d&#8217;a\u00e9ronef survenu le 5 mai 2007 ayant provoqu\u00e9 le d\u00e9c\u00e8s de Th\u00e9r\u00e8se N. \u00e9pouse K. et en ce qu&#8217;il l&#8217;a condamn\u00e9e\nau paiement de diverses sommes \u00e0 titre de dommages et int\u00e9r\u00eats, d&#8217;indemnit\u00e9s et de d\u00e9pens, et met la soci\u00e9t\u00e9 Air France\nhors de cause ;\n<\/p>\n\n\n\n<p>L&#8217;infirme en ce qu&#8217;il a d\u00e9bout\u00e9 Mme Victoire K. de sa demande d&#8217;indemnisation au titre de la perte de secours et\nsubsides et en ce qu&#8217;il a limit\u00e9 \u00e0 la somme de 1.538,81 euro le montant du pr\u00e9judice \u00e9conomique r\u00e9sultant des frais\nd&#8217;obs\u00e8ques, de voyage et de s\u00e9jour et, statuant \u00e0 nouveau sur ces points, condamne la soci\u00e9t\u00e9 Kenya Airways \u00e0 payer :\n<\/p>\n\n\n\n<p>A Mme Victoire K., \u00e0 titre personnel, la somme de 15.000 euro en r\u00e9paration du pr\u00e9judice r\u00e9sultant de la perte d&#8217;aide\nfinanci\u00e8re de sa m\u00e8re pendant la fin de ses \u00e9tudes,\n<\/p>\n\n\n\n<p>A Mme Victoire K. et Mme Anne-Aur\u00e9lie K. ensemble, la somme de 5.000 euro au titre des frais d&#8217;obs\u00e8ques, de voyage\net de s\u00e9jour ;\n<\/p>\n\n\n\n<p>L&#8217;infirme \u00e9galement sur le quantum de l&#8217;indemnit\u00e9 allou\u00e9e en application des dispositions de l&#8217;article 700 du code de\nproc\u00e9dure civile et condamne la soci\u00e9t\u00e9 Kenya Airways \u00e0 verser \u00e0 Mme Victoire K. et Mme Anne-Aur\u00e9lie K. ensemble\nune somme de 15.000 euro en application des dispositions de l&#8217;article 700 du code de proc\u00e9dure civile au titre de la\npremi\u00e8re instance ;\n<\/p>\n\n\n\n<p>Le confirme pour le surplus de ses dispositions ;\n<\/p>\n\n\n\n<p>Y ajoutant,\n<\/p>\n\n\n\n<p>Condamne la soci\u00e9t\u00e9 Kenya Airways \u00e0 payer \u00e0 Mme Victoire K. et Mme Anne-Aur\u00e9lie K. la somme de 10.000 euro en\napplication des dispositions de l&#8217;article 700 du code de proc\u00e9dure civile en cause d&#8217;appel ;\n<\/p>\n\n\n\n<p>La condamne aux d\u00e9pens d&#8217;appel lesquels seront recouvr\u00e9s dans les conditions de l&#8217;article 699 du code de proc\u00e9dure\ncivile.\n<\/p>\n\n\n\n<p>LE GREFFIER LE PR\u00c9SIDENT\n<\/p>",
        "protected": false
    },
    "excerpt": {
        "rendered": "<p>Les d\u00e9cisions rendues par les juges des Cours d&#8217;appel de Fort-de-France et de Paris sur l&#8217;indemnisation des familles des victimes du crash a\u00e9rien de la West Caribbean Airways.<\/p>",
        "protected": false
    },
    "author": 2,
    "featured_media": 0,
    "comment_status": "closed",
    "ping_status": "closed",
    "sticky": false,
    "template": "",
    "format": "standard",
    "meta": {
        "_exactmetrics_skip_tracking": false,
        "_exactmetrics_sitenote_active": false,
        "_exactmetrics_sitenote_note": "",
        "_exactmetrics_sitenote_category": 0,
        "footnotes": ""
    },
    "categories": [
        81
    ],
    "tags": [],
    "class_list": [
        "post-2197",
        "post",
        "type-post",
        "status-publish",
        "format-standard",
        "hentry",
        "category-aviation-maritime-transport-et-logistique"
    ],
    "yoast_head": "<!-- This site is optimized with the Yoast SEO plugin v27.5 - https:\/\/yoast.com\/product\/yoast-seo-wordpress\/ -->\n<title>Indemnisation West Carribean Airways (Fr) - Weissberg Law Firm |\u00a0Weissberg Avocats<\/title>\n<meta name=\"description\" content=\"Indemnisation West Carribean Airways: D\u00e9cisions des Cours d&#039;appel de Fort-de-France et de Paris sur l&#039;indemnisation des victimes de l&#039;accident a\u00e9rien.\" \/>\n<meta name=\"robots\" content=\"index, follow, max-snippet:-1, max-image-preview:large, max-video-preview:-1\" \/>\n<link rel=\"canonical\" href=\"https:\/\/www.weissbergavocats.com\/fr\/indemnisation-west-carribean-airways\/\" \/>\n<meta property=\"og:locale\" content=\"fr_FR\" \/>\n<meta property=\"og:type\" content=\"article\" \/>\n<meta property=\"og:title\" content=\"Indemnisation West Carribean Airways (Fr) - Weissberg Law Firm |\u00a0Weissberg Avocats\" \/>\n<meta property=\"og:description\" content=\"Indemnisation West Carribean Airways: D\u00e9cisions des Cours d&#039;appel de Fort-de-France et de Paris sur l&#039;indemnisation des victimes de l&#039;accident a\u00e9rien.\" \/>\n<meta property=\"og:url\" content=\"https:\/\/www.weissbergavocats.com\/fr\/indemnisation-west-carribean-airways\/\" \/>\n<meta property=\"og:site_name\" content=\"Weissberg Law Firm |\u00a0Weissberg Avocats\" \/>\n<meta property=\"article:publisher\" content=\"https:\/\/www.facebook.com\/SelarlWeissberg\" \/>\n<meta property=\"article:published_time\" content=\"2014-12-12T08:02:00+00:00\" \/>\n<meta property=\"article:modified_time\" content=\"2025-12-15T15:28:45+00:00\" \/>\n<meta property=\"og:image\" content=\"http:\/\/www.weissbergavocats.com\/wp-content\/uploads\/2019\/12\/20130419.Carribean-Airways-Cour_du0027appel_Fort-de-France_Chambre_ci-1-scaled-724x1024.jpg\" \/>\n<meta name=\"author\" content=\"Kenneth Weissberg\" \/>\n<meta name=\"twitter:card\" content=\"summary_large_image\" \/>\n<meta name=\"twitter:label1\" content=\"\u00c9crit par\" \/>\n\t<meta name=\"twitter:data1\" content=\"Kenneth Weissberg\" \/>\n\t<meta name=\"twitter:label2\" content=\"Dur\u00e9e de lecture estim\u00e9e\" \/>\n\t<meta name=\"twitter:data2\" content=\"82 minutes\" \/>\n<!-- \/ Yoast SEO plugin. -->",
    "yoast_head_json": {
        "title": "Indemnisation West Carribean Airways (Fr) - Weissberg Law Firm |\u00a0Weissberg Avocats",
        "description": "Indemnisation West Carribean Airways: D\u00e9cisions des Cours d'appel de Fort-de-France et de Paris sur l'indemnisation des victimes de l'accident a\u00e9rien.",
        "robots": {
            "index": "index",
            "follow": "follow",
            "max-snippet": "max-snippet:-1",
            "max-image-preview": "max-image-preview:large",
            "max-video-preview": "max-video-preview:-1"
        },
        "canonical": "https:\/\/www.weissbergavocats.com\/fr\/indemnisation-west-carribean-airways\/",
        "og_locale": "fr_FR",
        "og_type": "article",
        "og_title": "Indemnisation West Carribean Airways (Fr) - Weissberg Law Firm |\u00a0Weissberg Avocats",
        "og_description": "Indemnisation West Carribean Airways: D\u00e9cisions des Cours d'appel de Fort-de-France et de Paris sur l'indemnisation des victimes de l'accident a\u00e9rien.",
        "og_url": "https:\/\/www.weissbergavocats.com\/fr\/indemnisation-west-carribean-airways\/",
        "og_site_name": "Weissberg Law Firm |\u00a0Weissberg Avocats",
        "article_publisher": "https:\/\/www.facebook.com\/SelarlWeissberg",
        "article_published_time": "2014-12-12T08:02:00+00:00",
        "article_modified_time": "2025-12-15T15:28:45+00:00",
        "og_image": [
            {
                "url": "http:\/\/www.weissbergavocats.com\/wp-content\/uploads\/2019\/12\/20130419.Carribean-Airways-Cour_du0027appel_Fort-de-France_Chambre_ci-1-scaled-724x1024.jpg",
                "type": "",
                "width": "",
                "height": ""
            }
        ],
        "author": "Kenneth Weissberg",
        "twitter_card": "summary_large_image",
        "twitter_misc": {
            "\u00c9crit par": "Kenneth Weissberg",
            "Dur\u00e9e de lecture estim\u00e9e": "82 minutes"
        },
        "schema": {
            "@context": "https:\/\/schema.org",
            "@graph": [
                {
                    "@type": "Article",
                    "@id": "https:\/\/www.weissbergavocats.com\/indemnisation-west-carribean-airways\/#article",
                    "isPartOf": {
                        "@id": "https:\/\/www.weissbergavocats.com\/indemnisation-west-carribean-airways\/"
                    },
                    "author": {
                        "name": "Kenneth Weissberg",
                        "@id": "https:\/\/www.weissbergavocats.com\/en\/#\/schema\/person\/46b1e805efd879575bd03a20530c4267"
                    },
                    "headline": "Indemnisation West Carribean Airways (Fr)",
                    "datePublished": "2014-12-12T08:02:00+00:00",
                    "dateModified": "2025-12-15T15:28:45+00:00",
                    "mainEntityOfPage": {
                        "@id": "https:\/\/www.weissbergavocats.com\/indemnisation-west-carribean-airways\/"
                    },
                    "wordCount": 17083,
                    "publisher": {
                        "@id": "https:\/\/www.weissbergavocats.com\/en\/#organization"
                    },
                    "image": {
                        "@id": "https:\/\/www.weissbergavocats.com\/indemnisation-west-carribean-airways\/#primaryimage"
                    },
                    "thumbnailUrl": "http:\/\/www.weissbergavocats.com\/wp-content\/uploads\/2019\/12\/20130419.Carribean-Airways-Cour_du0027appel_Fort-de-France_Chambre_ci-1-scaled-724x1024.jpg",
                    "articleSection": [
                        "Aviation, maritime, transport et logistique"
                    ],
                    "inLanguage": "fr-FR"
                },
                {
                    "@type": "WebPage",
                    "@id": "https:\/\/www.weissbergavocats.com\/indemnisation-west-carribean-airways\/",
                    "url": "https:\/\/www.weissbergavocats.com\/indemnisation-west-carribean-airways\/",
                    "name": "Indemnisation West Carribean Airways (Fr) - Weissberg Law Firm |\u00a0Weissberg Avocats",
                    "isPartOf": {
                        "@id": "https:\/\/www.weissbergavocats.com\/en\/#website"
                    },
                    "primaryImageOfPage": {
                        "@id": "https:\/\/www.weissbergavocats.com\/indemnisation-west-carribean-airways\/#primaryimage"
                    },
                    "image": {
                        "@id": "https:\/\/www.weissbergavocats.com\/indemnisation-west-carribean-airways\/#primaryimage"
                    },
                    "thumbnailUrl": "http:\/\/www.weissbergavocats.com\/wp-content\/uploads\/2019\/12\/20130419.Carribean-Airways-Cour_du0027appel_Fort-de-France_Chambre_ci-1-scaled-724x1024.jpg",
                    "datePublished": "2014-12-12T08:02:00+00:00",
                    "dateModified": "2025-12-15T15:28:45+00:00",
                    "description": "Indemnisation West Carribean Airways: D\u00e9cisions des Cours d'appel de Fort-de-France et de Paris sur l'indemnisation des victimes de l'accident a\u00e9rien.",
                    "breadcrumb": {
                        "@id": "https:\/\/www.weissbergavocats.com\/indemnisation-west-carribean-airways\/#breadcrumb"
                    },
                    "inLanguage": "fr-FR",
                    "potentialAction": [
                        {
                            "@type": "ReadAction",
                            "target": [
                                "https:\/\/www.weissbergavocats.com\/indemnisation-west-carribean-airways\/"
                            ]
                        }
                    ]
                },
                {
                    "@type": "ImageObject",
                    "inLanguage": "fr-FR",
                    "@id": "https:\/\/www.weissbergavocats.com\/indemnisation-west-carribean-airways\/#primaryimage",
                    "url": "http:\/\/www.weissbergavocats.com\/wp-content\/uploads\/2019\/12\/20130419.Carribean-Airways-Cour_du0027appel_Fort-de-France_Chambre_ci-1-scaled-724x1024.jpg",
                    "contentUrl": "http:\/\/www.weissbergavocats.com\/wp-content\/uploads\/2019\/12\/20130419.Carribean-Airways-Cour_du0027appel_Fort-de-France_Chambre_ci-1-scaled-724x1024.jpg"
                },
                {
                    "@type": "BreadcrumbList",
                    "@id": "https:\/\/www.weissbergavocats.com\/indemnisation-west-carribean-airways\/#breadcrumb",
                    "itemListElement": [
                        {
                            "@type": "ListItem",
                            "position": 1,
                            "name": "Accueil",
                            "item": "https:\/\/www.weissbergavocats.com\/"
                        },
                        {
                            "@type": "ListItem",
                            "position": 2,
                            "name": "Indemnisation West Carribean Airways (Fr)"
                        }
                    ]
                },
                {
                    "@type": "WebSite",
                    "@id": "https:\/\/www.weissbergavocats.com\/en\/#website",
                    "url": "https:\/\/www.weissbergavocats.com\/en\/",
                    "name": "Weissberg Law Firm |\u00a0Weissberg Avocats",
                    "description": "Cross-border attorneys | Des avocats \u00e0 votre \u00e9coute",
                    "publisher": {
                        "@id": "https:\/\/www.weissbergavocats.com\/en\/#organization"
                    },
                    "potentialAction": [
                        {
                            "@type": "SearchAction",
                            "target": {
                                "@type": "EntryPoint",
                                "urlTemplate": "https:\/\/www.weissbergavocats.com\/en\/?s={search_term_string}"
                            },
                            "query-input": {
                                "@type": "PropertyValueSpecification",
                                "valueRequired": true,
                                "valueName": "search_term_string"
                            }
                        }
                    ],
                    "inLanguage": "fr-FR"
                },
                {
                    "@type": "Organization",
                    "@id": "https:\/\/www.weissbergavocats.com\/en\/#organization",
                    "name": "Weissberg Law Firm |\u00a0Weissberg Avocats",
                    "url": "https:\/\/www.weissbergavocats.com\/en\/",
                    "logo": {
                        "@type": "ImageObject",
                        "inLanguage": "fr-FR",
                        "@id": "https:\/\/www.weissbergavocats.com\/en\/#\/schema\/logo\/image\/",
                        "url": "https:\/\/www.weissbergavocats.com\/wp-content\/uploads\/2020\/05\/Logo_Weissberg_law_firm.png",
                        "contentUrl": "https:\/\/www.weissbergavocats.com\/wp-content\/uploads\/2020\/05\/Logo_Weissberg_law_firm.png",
                        "width": 300,
                        "height": 300,
                        "caption": "Weissberg Law Firm |\u00a0Weissberg Avocats"
                    },
                    "image": {
                        "@id": "https:\/\/www.weissbergavocats.com\/en\/#\/schema\/logo\/image\/"
                    },
                    "sameAs": [
                        "https:\/\/www.facebook.com\/SelarlWeissberg",
                        "https:\/\/www.linkedin.com\/in\/audrey-weissberg-6a49171\/"
                    ]
                },
                {
                    "@type": "Person",
                    "@id": "https:\/\/www.weissbergavocats.com\/en\/#\/schema\/person\/46b1e805efd879575bd03a20530c4267",
                    "name": "Kenneth Weissberg",
                    "url": "https:\/\/www.weissbergavocats.com\/fr\/author\/kenneth-weissberg\/"
                }
            ]
        }
    },
    "_links": {
        "self": [
            {
                "href": "https:\/\/www.weissbergavocats.com\/fr\/wp-json\/wp\/v2\/posts\/2197",
                "targetHints": {
                    "allow": [
                        "GET"
                    ]
                }
            }
        ],
        "collection": [
            {
                "href": "https:\/\/www.weissbergavocats.com\/fr\/wp-json\/wp\/v2\/posts"
            }
        ],
        "about": [
            {
                "href": "https:\/\/www.weissbergavocats.com\/fr\/wp-json\/wp\/v2\/types\/post"
            }
        ],
        "author": [
            {
                "embeddable": true,
                "href": "https:\/\/www.weissbergavocats.com\/fr\/wp-json\/wp\/v2\/users\/2"
            }
        ],
        "replies": [
            {
                "embeddable": true,
                "href": "https:\/\/www.weissbergavocats.com\/fr\/wp-json\/wp\/v2\/comments?post=2197"
            }
        ],
        "version-history": [
            {
                "count": 26,
                "href": "https:\/\/www.weissbergavocats.com\/fr\/wp-json\/wp\/v2\/posts\/2197\/revisions"
            }
        ],
        "predecessor-version": [
            {
                "id": 6440,
                "href": "https:\/\/www.weissbergavocats.com\/fr\/wp-json\/wp\/v2\/posts\/2197\/revisions\/6440"
            }
        ],
        "wp:attachment": [
            {
                "href": "https:\/\/www.weissbergavocats.com\/fr\/wp-json\/wp\/v2\/media?parent=2197"
            }
        ],
        "wp:term": [
            {
                "taxonomy": "category",
                "embeddable": true,
                "href": "https:\/\/www.weissbergavocats.com\/fr\/wp-json\/wp\/v2\/categories?post=2197"
            },
            {
                "taxonomy": "post_tag",
                "embeddable": true,
                "href": "https:\/\/www.weissbergavocats.com\/fr\/wp-json\/wp\/v2\/tags?post=2197"
            }
        ],
        "curies": [
            {
                "name": "wp",
                "href": "https:\/\/api.w.org\/{rel}",
                "templated": true
            }
        ]
    }
}