{
    "id": 6253,
    "date": "2020-04-27T10:26:00",
    "date_gmt": "2020-04-27T08:26:00",
    "guid": {
        "rendered": "http:\/\/www.weissbergavocats.com\/?p=6253"
    },
    "modified": "2025-12-15T16:28:44",
    "modified_gmt": "2025-12-15T15:28:44",
    "slug": "french-measures-against-covid",
    "status": "publish",
    "type": "post",
    "link": "https:\/\/www.weissbergavocats.com\/fr\/french-measures-against-covid\/",
    "title": {
        "rendered": "Exceptional measures taken in France to face the Covid-19 crisis (En)"
    },
    "content": {
        "rendered": "<div class=\"pdfprnt-buttons pdfprnt-buttons-post pdfprnt-top-left\"><a href=\"https:\/\/www.weissbergavocats.com\/fr\/wp-json\/wp\/v2\/posts\/6253?print=print\" class=\"pdfprnt-button pdfprnt-button-print\" target=\"_blank\" ><img decoding=\"async\" src=\"https:\/\/www.weissbergavocats.com\/wp-content\/plugins\/pdf-print\/images\/print.png\" alt=\"image_print\" title=\"Contenu imprim\u00e9\" \/><\/a><\/div>\n<p><strong>A new law was just voted on April 23, 2020 <\/strong>to broaden and strengthen the measures taken by the French Government since March 23, 2020 which instated a <strong>new national legal state of health emergency <\/strong>to shield the French population and economy from the current global COVID-19 virus pandemic.<br><br>Here after you will find a <strong>recap and update of the most important measures<\/strong> regarding public administrative services, companies\u2019 economic activity and various aspects of our social and economic activities.<\/p>\n\n\n\n<figure class=\"wp-block-image size-large\"><a href=\"https:\/\/www.weissbergavocats.com\/wp-content\/uploads\/2020\/06\/1.Macron.jpeg\"><img loading=\"lazy\" decoding=\"async\" width=\"1024\" height=\"683\" src=\"https:\/\/www.weissbergavocats.com\/wp-content\/uploads\/2020\/06\/1.Macron-1024x683.jpeg\" alt=\"President Macron speaking on French Television, March 16, 2020 \u00a9 \u00c9lys\u00e9e\" class=\"wp-image-6254\" srcset=\"https:\/\/www.weissbergavocats.com\/wp-content\/uploads\/2020\/06\/1.Macron-1024x683.jpeg 1024w, https:\/\/www.weissbergavocats.com\/wp-content\/uploads\/2020\/06\/1.Macron-300x200.jpeg 300w, https:\/\/www.weissbergavocats.com\/wp-content\/uploads\/2020\/06\/1.Macron-768x512.jpeg 768w, https:\/\/www.weissbergavocats.com\/wp-content\/uploads\/2020\/06\/1.Macron.jpeg 1065w\" sizes=\"auto, (max-width: 1024px) 100vw, 1024px\" \/><\/a><figcaption>President Macron speaking on French Television, March 16, 2020 \u00a9 <a href=\"http:\/\/elysee.fr\" target=\"_blank\" rel=\"noreferrer noopener\">\u00c9lys\u00e9e<\/a><\/figcaption><\/figure>\n\n\n\n<h2 class=\"wp-block-heading\"><strong>Exceptional measures to support companies<br>(Orders n\u00b02020-316, -317, -318, -319, -321, LFR-bis)<\/strong><\/h2>\n\n\n\n<p><a>On the top of the partial unemployment measures available to all companies which activity is affected by the pandemic, and the ability to carry-forward employer\u2019s social charges: <strong>all companies <\/strong>(except real estate civil companies and financing companies) will also have the <strong>opportunity to apply to their bank for a loan guaranteed by the Public Investment Bank<\/strong> (300 billion euros in total).<\/a><br><br>These loans are <strong>one-year cash flow loans <\/strong>that can cover up to 3 months of the firm\u2019s yearly revenue, for which t<strong>he French State will be guarantor up to 90% at a very low interest rate.<\/strong><br><br>All companies will benefit from an<strong> extension of the deadline to publish their accounts <\/strong>but also from <strong>flexibility measures<\/strong> <strong>to organize general assemblies<\/strong> via videoconference or mail.<br><br>Regarding companies that currently are under contract with the State or those that are about to apply for a public tender during the state of emergency, deadlines and rules related to transitions and execution of public contracts will be more flexible.<br><br>Some <strong>exceptional measures <\/strong>were tailored for <strong>companies which employ less than 10 people, have a turnover below 1 million euros and have had to close their business to the public or suffered from a loss of at least 50% of their revenue<\/strong>.<br><br>They can suspend payment of their rents, electricity, gas and water supplies invoices without incurring penalties and late interests.<br><br>They will not expose themselves to cut-offs.<br><br>The French government has also created an emergency fund: the abovementioned enterprises will be able to request the payment of a non-taxable 1500 euros assistance.<\/p>\n\n\n\n<p>This financial assistance can be increased to 3 500 euros in some situations.<br><br>These allowances will be <strong>exempted from <\/strong>corporate <strong>taxes,<\/strong> income taxes and all social contributions <strong>levies<\/strong>.<br><br><strong>For small and medium-sized companies that are being refused loans guaranteed by the State, the government also decided to create a \u201crefundable allowance\u201d.<\/strong><br><br>For very small enterprises that are being refused a State-guaranteed loan, the government created a complementary mechanism with equity loans.<br><br>The specific criteria to determine which companies are eligible will later be determined by way of a decree.<br><br><strong>Regarding enterprises that were already in difficulty before the outburst of the pandemic, the most recent measures have made a step towards more inclusion towards some of them.<\/strong><br><br>Typically excluded from the assistance measures, companies which were not in difficulty before December 31, 2019 but that have since been placed under safeguard procedure will be able to benefit from the State guarantee on loans.<br><br>Finally, the State has taken special measures in order to support strategic companies.<br><br><strong>The government will allow State capital increases and even temporary nationalisations up to 20 billion euros for around 20 companies (especially in the aeronautics and automotive sectors).<\/strong><\/p>\n\n\n\n<figure class=\"wp-block-image size-large\"><img loading=\"lazy\" decoding=\"async\" width=\"800\" height=\"250\" src=\"https:\/\/www.weissbergavocats.com\/wp-content\/uploads\/2020\/06\/2.BPI_.png\" alt=\"Investment Public Bank (BPI) program to support the firms \u00a9 DR\" class=\"wp-image-6255\" srcset=\"https:\/\/www.weissbergavocats.com\/wp-content\/uploads\/2020\/06\/2.BPI_.png 800w, https:\/\/www.weissbergavocats.com\/wp-content\/uploads\/2020\/06\/2.BPI_-300x94.png 300w, https:\/\/www.weissbergavocats.com\/wp-content\/uploads\/2020\/06\/2.BPI_-768x240.png 768w\" sizes=\"auto, (max-width: 800px) 100vw, 800px\" \/><figcaption><a href=\"https:\/\/www.bpifrance.fr\/\" target=\"_blank\" rel=\"noreferrer noopener\">Investment Public Bank (BPI)<\/a> program to support the firms \u00a9 DR<\/figcaption><\/figure>\n\n\n\n<h2 class=\"wp-block-heading\"><strong>Exceptional measures to maintain essential judicial activities and suspend non-essential activities<\/strong><br><strong>(Orders n\u00b02020-303, -304,-305)<\/strong><\/h2>\n\n\n\n<p><a>Most French jurisdictions have adopted extraordinary continuity measures in order to maintain the essential judicial activities in courts while suspending all non-essential ones.<\/a><br><br>Each jurisdiction has published its own plan of activity for the next weeks.<br><br><strong>All non-essential proceedings are suspended until further notice and courts\u2019 public administration services are physically closed.<\/strong><\/p>\n\n\n\n<p>The following activities are considered essential and to be maintained:<br>* For civil cases:<br>&#8211; Emergency proceedings and protection for weak individuals are maintained.<br>&#8211; All other civil cases are postponed.<br><br>* For criminal proceedings:<br>&#8211; Emergency urgent criminal proceedings,<br>&#8211; proceedings related to temporary imprisonment and restrictions of liberty,<br>&#8211; urgent educative measures for minors,<br>&#8211; and also urgent hearings in front of the family judge such as domestic violence are maintained.<\/p>\n\n\n\n<figure class=\"wp-block-image size-large\"><img loading=\"lazy\" decoding=\"async\" width=\"960\" height=\"518\" src=\"https:\/\/www.weissbergavocats.com\/wp-content\/uploads\/2020\/06\/3.CourtParis.jpeg\" alt=\"The Court of Justice (Paris) \u00a9 Ph.Guignard\/air-images.net\" class=\"wp-image-6256\" srcset=\"https:\/\/www.weissbergavocats.com\/wp-content\/uploads\/2020\/06\/3.CourtParis.jpeg 960w, https:\/\/www.weissbergavocats.com\/wp-content\/uploads\/2020\/06\/3.CourtParis-300x162.jpeg 300w, https:\/\/www.weissbergavocats.com\/wp-content\/uploads\/2020\/06\/3.CourtParis-768x414.jpeg 768w\" sizes=\"auto, (max-width: 960px) 100vw, 960px\" \/><figcaption>The Court of Justice (Paris<a href=\"http:\/\/www.air-images.net\/\" target=\"_blank\" rel=\"noreferrer noopener\">) \u00a9 Ph.Guignard\/air-images.net<\/a><\/figcaption><\/figure>\n\n\n\n<h2 class=\"wp-block-heading\"><strong>The suspension of all administrative &amp; judicial deadlines<br>(Order n\u00b02020-306)<\/strong><\/h2>\n\n\n\n<p><a><strong>Most deadlines that were to expire between March 12, 2020 and the end of one month following the end of the state of emergency, temporarily set for May 24, 2020 (i.e. June 24, 2020), are extended for a period of at most two months.<\/strong><\/a><br><br>Therefore, under the current situation, deadlines above mentioned will be extended until August 24, 2020 when the initial term was two months or more.<br><br>When the administrative or judicial term is under two months, said term will start running again at the end of the protected period (i.e. June 24, 2020 for now) and expire within its initial period.<br><br>For example, if a judicial action had to be filed within one month by May 10, 2020 at the latest, then the one month term will start again on June 24, 2020 and expire on July 24, 2020.<\/p>\n\n\n\n<p>These provisions only concern most deadlines imposed by law or by regulations (not by contracts).<\/p>\n\n\n\n<p>They <strong>do not apply to<\/strong>:<br>* <strong>withdrawal periods, such as the 10 days withdrawal period which benefits to the buyer of real estat<\/strong>e.<br>*&nbsp; tax declarations<\/p>\n\n\n\n<p>Regarding tax declarations:<br>*<strong> Companies can file<\/strong> their tax declaration <strong>by June 30, 2020<\/strong><br>* <strong>Non-residents individuals can file their declarations by June 4th, 2020<\/strong>.<\/p>\n\n\n\n<h2 class=\"wp-block-heading\"><strong>More flexibility for labour law<br>(Orders n\u00b02020-322; -323; -324; -385)<\/strong><\/h2>\n\n\n\n<p>During the period of the state of emergency, employers will be able to<strong> impose or modify dates of paid leave <\/strong>through a branch or enterprise agreement with staff representatives.<br><br>The orders have extended the domain of additional allowance due by the employer in case of sick leave of employees.<\/p>\n\n\n\n<p><a>The government also leaves open the possibility <strong>to deviate from mandatory rules <\/strong><\/a><strong>regarding the maximum duration of weekly work and of weekly rest<\/strong>, subject to the adoption of a decree and only regarding essential sectors for the continuity of social and economic life of the nation.<br><br>The eligibility to most social rights (unemployment allowance, disability allowances, welfare minimal income, State medical aid, etc.) will be extended without the mandatory standard re-evaluation.<\/p>\n\n\n\n<figure class=\"wp-block-image size-large\"><img loading=\"lazy\" decoding=\"async\" width=\"1024\" height=\"665\" src=\"https:\/\/www.weissbergavocats.com\/wp-content\/uploads\/2020\/06\/5Philippe.jpg\" alt=\"Prime Minister Edouard Philippe and Labour Minister Muriel P\u00e9nicaud \u00a9 AFP \" class=\"wp-image-6258\" srcset=\"https:\/\/www.weissbergavocats.com\/wp-content\/uploads\/2020\/06\/5Philippe.jpg 1024w, https:\/\/www.weissbergavocats.com\/wp-content\/uploads\/2020\/06\/5Philippe-300x195.jpg 300w, https:\/\/www.weissbergavocats.com\/wp-content\/uploads\/2020\/06\/5Philippe-768x499.jpg 768w\" sizes=\"auto, (max-width: 1024px) 100vw, 1024px\" \/><figcaption>FPrime Minister Edouard Philippe and Labour Minister Muriel P\u00e9nicaud \u00a9<a href=\"https:\/\/www.linkedin.com\/in\/jacques-witt-a64b72b?originalSubdomain=fr\" target=\"_blank\" rel=\"noreferrer noopener\"> Jacques Witt \/ POOL \/ AFP<\/a><\/figcaption><\/figure>\n\n\n\n<h2 class=\"wp-block-heading\"><strong>Extension of all resident permits in France<\/strong><br><strong>(Order n\u00b0 2020-328)<\/strong><\/h2>\n\n\n\n<p><a>Resident permits <\/a>that were to be expired between March 16, 2020 and May 15, 2020 are <strong>to be extended for a period of 90 days<\/strong>.<br><br>This extension concerns:<br>* temporary resident cards (1 year),<br>* pluriannual resident cards,<br>* long-term resident cards and long-term visas (of 1-year max.). It is also applicable to the temporary documents such as temporary authorizations of stay in France.<br><br>It is also applicable to the temporary documents such as temporary authorizations of stay in France.<\/p>\n\n\n\n<p>It is also important to note that since March 17, 2020 <strong>border controls have been reactivated in France and that all non-French nationals or resident who do not show an imperative reason to enter French territory will be refused to cross French borders<\/strong>.<br><br>Imperative reasons should include in our opinion:<br>* medical surgery<br>* children custody<br>* french court orders.<br><br><strong>A visit to France by non-citizens and non-residents should therefore be very carefully planned and documented<\/strong>.<\/p>\n\n\n\n<figure class=\"wp-block-image size-large\"><img loading=\"lazy\" decoding=\"async\" width=\"750\" height=\"250\" src=\"https:\/\/www.weissbergavocats.com\/wp-content\/uploads\/2020\/06\/6Passeport.jpg\" alt=\"\u00a9DR\" class=\"wp-image-6259\" srcset=\"https:\/\/www.weissbergavocats.com\/wp-content\/uploads\/2020\/06\/6Passeport.jpg 750w, https:\/\/www.weissbergavocats.com\/wp-content\/uploads\/2020\/06\/6Passeport-300x100.jpg 300w\" sizes=\"auto, (max-width: 750px) 100vw, 750px\" \/><figcaption>\u00a9DR<\/figcaption><\/figure>\n\n\n\n<h2 class=\"wp-block-heading\"><strong>Conclusion<\/strong><\/h2>\n\n\n\n<p><a>It is important to note that <strong>many other measures have been taken for specific sectors <\/strong>or activities in order to ensure their continuity during the crisis (ie. healthcare facilities) but also in order to support their absence of revenue due to the crisis (ie. tourism facilities).<br><br>The government also created the possibility for employers to giver <strong>a non-taxable premium to employees<\/strong> who are still working during the crisis.<br><br>Don\u2019t hesitate to contact us for more information: <\/a><strong><a href=\"mailto:paris@weissbergavocats.com\" target=\"_blank\" rel=\"noreferrer noopener\">paris@weissbergavocats.com<\/a><\/strong><\/p>\n\n\n<div class=\"wp-block-image\">\n<figure class=\"aligncenter size-large\"><img loading=\"lazy\" decoding=\"async\" width=\"323\" height=\"167\" src=\"https:\/\/www.weissbergavocats.com\/wp-content\/uploads\/2020\/06\/7.Justice.jpg\" alt=\"\u00a9DR\" class=\"wp-image-6260\" srcset=\"https:\/\/www.weissbergavocats.com\/wp-content\/uploads\/2020\/06\/7.Justice.jpg 323w, https:\/\/www.weissbergavocats.com\/wp-content\/uploads\/2020\/06\/7.Justice-300x155.jpg 300w\" sizes=\"auto, (max-width: 323px) 100vw, 323px\" \/><figcaption>\u00a9DR<\/figcaption><\/figure>\n<\/div>\n\n\n<p>By Kenneth Weissberg &amp; Audrey Weissberg<\/p>",
        "protected": false
    },
    "excerpt": {
        "rendered": "<p>Recap and update of the most important measures regarding public administrative services, companies\u2019 economic activity and various aspects of our social and economic activities to face the Covid-19 crisis.<\/p>",
        "protected": false
    },
    "author": 3,
    "featured_media": 0,
    "comment_status": "closed",
    "ping_status": "closed",
    "sticky": false,
    "template": "",
    "format": "standard",
    "meta": {
        "_exactmetrics_skip_tracking": false,
        "_exactmetrics_sitenote_active": false,
        "_exactmetrics_sitenote_note": "",
        "_exactmetrics_sitenote_category": 0,
        "footnotes": ""
    },
    "categories": [
        191
    ],
    "tags": [],
    "class_list": [
        "post-6253",
        "post",
        "type-post",
        "status-publish",
        "format-standard",
        "hentry",
        "category-covid-19"
    ],
    "yoast_head": "<!-- This site is optimized with the Yoast SEO plugin v27.5 - https:\/\/yoast.com\/product\/yoast-seo-wordpress\/ -->\n<title>French measures against Covid |Weissberg Law Firm |\u00a0Weissberg Avocats<\/title>\n<meta name=\"description\" content=\"French measures against Covid: Exceptional measures taken by the French government to face the Covid-19 crisis (article in English)\" \/>\n<meta name=\"robots\" content=\"index, follow, max-snippet:-1, max-image-preview:large, max-video-preview:-1\" \/>\n<link rel=\"canonical\" href=\"https:\/\/www.weissbergavocats.com\/fr\/french-measures-against-covid\/\" \/>\n<meta property=\"og:locale\" content=\"fr_FR\" \/>\n<meta property=\"og:type\" content=\"article\" \/>\n<meta property=\"og:title\" content=\"French measures against Covid |Weissberg Law Firm |\u00a0Weissberg Avocats\" \/>\n<meta property=\"og:description\" content=\"French measures against Covid: Exceptional measures taken by the French government to face the Covid-19 crisis (article in English)\" \/>\n<meta property=\"og:url\" content=\"https:\/\/www.weissbergavocats.com\/fr\/french-measures-against-covid\/\" \/>\n<meta property=\"og:site_name\" content=\"Weissberg Law Firm |\u00a0Weissberg Avocats\" \/>\n<meta property=\"article:publisher\" content=\"https:\/\/www.facebook.com\/SelarlWeissberg\" \/>\n<meta property=\"article:published_time\" content=\"2020-04-27T08:26:00+00:00\" \/>\n<meta property=\"article:modified_time\" content=\"2025-12-15T15:28:44+00:00\" \/>\n<meta property=\"og:image\" content=\"https:\/\/www.weissbergavocats.com\/wp-content\/uploads\/2020\/06\/1.Macron.jpeg\" \/>\n\t<meta property=\"og:image:width\" content=\"1065\" \/>\n\t<meta property=\"og:image:height\" content=\"710\" \/>\n\t<meta property=\"og:image:type\" content=\"image\/jpeg\" \/>\n<meta name=\"author\" content=\"Audrey Weissberg\" \/>\n<meta name=\"twitter:card\" content=\"summary_large_image\" \/>\n<meta name=\"twitter:label1\" content=\"\u00c9crit par\" \/>\n\t<meta name=\"twitter:data1\" content=\"Audrey Weissberg\" \/>\n\t<meta name=\"twitter:label2\" content=\"Dur\u00e9e de lecture estim\u00e9e\" \/>\n\t<meta name=\"twitter:data2\" content=\"8 minutes\" \/>\n<!-- \/ Yoast SEO plugin. -->",
    "yoast_head_json": {
        "title": "French measures against Covid |Weissberg Law Firm |\u00a0Weissberg Avocats",
        "description": "French measures against Covid: Exceptional measures taken by the French government to face the Covid-19 crisis (article in English)",
        "robots": {
            "index": "index",
            "follow": "follow",
            "max-snippet": "max-snippet:-1",
            "max-image-preview": "max-image-preview:large",
            "max-video-preview": "max-video-preview:-1"
        },
        "canonical": "https:\/\/www.weissbergavocats.com\/fr\/french-measures-against-covid\/",
        "og_locale": "fr_FR",
        "og_type": "article",
        "og_title": "French measures against Covid |Weissberg Law Firm |\u00a0Weissberg Avocats",
        "og_description": "French measures against Covid: Exceptional measures taken by the French government to face the Covid-19 crisis (article in English)",
        "og_url": "https:\/\/www.weissbergavocats.com\/fr\/french-measures-against-covid\/",
        "og_site_name": "Weissberg Law Firm |\u00a0Weissberg Avocats",
        "article_publisher": "https:\/\/www.facebook.com\/SelarlWeissberg",
        "article_published_time": "2020-04-27T08:26:00+00:00",
        "article_modified_time": "2025-12-15T15:28:44+00:00",
        "og_image": [
            {
                "width": 1065,
                "height": 710,
                "url": "https:\/\/www.weissbergavocats.com\/wp-content\/uploads\/2020\/06\/1.Macron.jpeg",
                "type": "image\/jpeg"
            }
        ],
        "author": "Audrey Weissberg",
        "twitter_card": "summary_large_image",
        "twitter_misc": {
            "\u00c9crit par": "Audrey Weissberg",
            "Dur\u00e9e de lecture estim\u00e9e": "8 minutes"
        },
        "schema": {
            "@context": "https:\/\/schema.org",
            "@graph": [
                {
                    "@type": "Article",
                    "@id": "https:\/\/www.weissbergavocats.com\/french-measures-against-covid\/#article",
                    "isPartOf": {
                        "@id": "https:\/\/www.weissbergavocats.com\/french-measures-against-covid\/"
                    },
                    "author": {
                        "name": "Audrey Weissberg",
                        "@id": "https:\/\/www.weissbergavocats.com\/en\/#\/schema\/person\/04389a33c15a7559629ffb6c26910c8a"
                    },
                    "headline": "Exceptional measures taken in France to face the Covid-19 crisis (En)",
                    "datePublished": "2020-04-27T08:26:00+00:00",
                    "dateModified": "2025-12-15T15:28:44+00:00",
                    "mainEntityOfPage": {
                        "@id": "https:\/\/www.weissbergavocats.com\/french-measures-against-covid\/"
                    },
                    "wordCount": 1289,
                    "publisher": {
                        "@id": "https:\/\/www.weissbergavocats.com\/en\/#organization"
                    },
                    "image": {
                        "@id": "https:\/\/www.weissbergavocats.com\/french-measures-against-covid\/#primaryimage"
                    },
                    "thumbnailUrl": "https:\/\/www.weissbergavocats.com\/wp-content\/uploads\/2020\/06\/1.Macron-1024x683.jpeg",
                    "articleSection": [
                        "Covid-19"
                    ],
                    "inLanguage": "fr-FR"
                },
                {
                    "@type": "WebPage",
                    "@id": "https:\/\/www.weissbergavocats.com\/french-measures-against-covid\/",
                    "url": "https:\/\/www.weissbergavocats.com\/french-measures-against-covid\/",
                    "name": "French measures against Covid |Weissberg Law Firm |\u00a0Weissberg Avocats",
                    "isPartOf": {
                        "@id": "https:\/\/www.weissbergavocats.com\/en\/#website"
                    },
                    "primaryImageOfPage": {
                        "@id": "https:\/\/www.weissbergavocats.com\/french-measures-against-covid\/#primaryimage"
                    },
                    "image": {
                        "@id": "https:\/\/www.weissbergavocats.com\/french-measures-against-covid\/#primaryimage"
                    },
                    "thumbnailUrl": "https:\/\/www.weissbergavocats.com\/wp-content\/uploads\/2020\/06\/1.Macron-1024x683.jpeg",
                    "datePublished": "2020-04-27T08:26:00+00:00",
                    "dateModified": "2025-12-15T15:28:44+00:00",
                    "description": "French measures against Covid: Exceptional measures taken by the French government to face the Covid-19 crisis (article in English)",
                    "breadcrumb": {
                        "@id": "https:\/\/www.weissbergavocats.com\/french-measures-against-covid\/#breadcrumb"
                    },
                    "inLanguage": "fr-FR",
                    "potentialAction": [
                        {
                            "@type": "ReadAction",
                            "target": [
                                "https:\/\/www.weissbergavocats.com\/french-measures-against-covid\/"
                            ]
                        }
                    ]
                },
                {
                    "@type": "ImageObject",
                    "inLanguage": "fr-FR",
                    "@id": "https:\/\/www.weissbergavocats.com\/french-measures-against-covid\/#primaryimage",
                    "url": "https:\/\/www.weissbergavocats.com\/wp-content\/uploads\/2020\/06\/1.Macron-1024x683.jpeg",
                    "contentUrl": "https:\/\/www.weissbergavocats.com\/wp-content\/uploads\/2020\/06\/1.Macron-1024x683.jpeg"
                },
                {
                    "@type": "BreadcrumbList",
                    "@id": "https:\/\/www.weissbergavocats.com\/french-measures-against-covid\/#breadcrumb",
                    "itemListElement": [
                        {
                            "@type": "ListItem",
                            "position": 1,
                            "name": "Accueil",
                            "item": "https:\/\/www.weissbergavocats.com\/"
                        },
                        {
                            "@type": "ListItem",
                            "position": 2,
                            "name": "Exceptional measures taken in France to face the Covid-19 crisis (En)"
                        }
                    ]
                },
                {
                    "@type": "WebSite",
                    "@id": "https:\/\/www.weissbergavocats.com\/en\/#website",
                    "url": "https:\/\/www.weissbergavocats.com\/en\/",
                    "name": "Weissberg Law Firm |\u00a0Weissberg Avocats",
                    "description": "Cross-border attorneys | Des avocats \u00e0 votre \u00e9coute",
                    "publisher": {
                        "@id": "https:\/\/www.weissbergavocats.com\/en\/#organization"
                    },
                    "potentialAction": [
                        {
                            "@type": "SearchAction",
                            "target": {
                                "@type": "EntryPoint",
                                "urlTemplate": "https:\/\/www.weissbergavocats.com\/en\/?s={search_term_string}"
                            },
                            "query-input": {
                                "@type": "PropertyValueSpecification",
                                "valueRequired": true,
                                "valueName": "search_term_string"
                            }
                        }
                    ],
                    "inLanguage": "fr-FR"
                },
                {
                    "@type": "Organization",
                    "@id": "https:\/\/www.weissbergavocats.com\/en\/#organization",
                    "name": "Weissberg Law Firm |\u00a0Weissberg Avocats",
                    "url": "https:\/\/www.weissbergavocats.com\/en\/",
                    "logo": {
                        "@type": "ImageObject",
                        "inLanguage": "fr-FR",
                        "@id": "https:\/\/www.weissbergavocats.com\/en\/#\/schema\/logo\/image\/",
                        "url": "https:\/\/www.weissbergavocats.com\/wp-content\/uploads\/2020\/05\/Logo_Weissberg_law_firm.png",
                        "contentUrl": "https:\/\/www.weissbergavocats.com\/wp-content\/uploads\/2020\/05\/Logo_Weissberg_law_firm.png",
                        "width": 300,
                        "height": 300,
                        "caption": "Weissberg Law Firm |\u00a0Weissberg Avocats"
                    },
                    "image": {
                        "@id": "https:\/\/www.weissbergavocats.com\/en\/#\/schema\/logo\/image\/"
                    },
                    "sameAs": [
                        "https:\/\/www.facebook.com\/SelarlWeissberg",
                        "https:\/\/www.linkedin.com\/in\/audrey-weissberg-6a49171\/"
                    ]
                },
                {
                    "@type": "Person",
                    "@id": "https:\/\/www.weissbergavocats.com\/en\/#\/schema\/person\/04389a33c15a7559629ffb6c26910c8a",
                    "name": "Audrey Weissberg",
                    "url": "https:\/\/www.weissbergavocats.com\/fr\/author\/audrey-weissberg\/"
                }
            ]
        }
    },
    "_links": {
        "self": [
            {
                "href": "https:\/\/www.weissbergavocats.com\/fr\/wp-json\/wp\/v2\/posts\/6253",
                "targetHints": {
                    "allow": [
                        "GET"
                    ]
                }
            }
        ],
        "collection": [
            {
                "href": "https:\/\/www.weissbergavocats.com\/fr\/wp-json\/wp\/v2\/posts"
            }
        ],
        "about": [
            {
                "href": "https:\/\/www.weissbergavocats.com\/fr\/wp-json\/wp\/v2\/types\/post"
            }
        ],
        "author": [
            {
                "embeddable": true,
                "href": "https:\/\/www.weissbergavocats.com\/fr\/wp-json\/wp\/v2\/users\/3"
            }
        ],
        "replies": [
            {
                "embeddable": true,
                "href": "https:\/\/www.weissbergavocats.com\/fr\/wp-json\/wp\/v2\/comments?post=6253"
            }
        ],
        "version-history": [
            {
                "count": 2,
                "href": "https:\/\/www.weissbergavocats.com\/fr\/wp-json\/wp\/v2\/posts\/6253\/revisions"
            }
        ],
        "predecessor-version": [
            {
                "id": 6308,
                "href": "https:\/\/www.weissbergavocats.com\/fr\/wp-json\/wp\/v2\/posts\/6253\/revisions\/6308"
            }
        ],
        "wp:attachment": [
            {
                "href": "https:\/\/www.weissbergavocats.com\/fr\/wp-json\/wp\/v2\/media?parent=6253"
            }
        ],
        "wp:term": [
            {
                "taxonomy": "category",
                "embeddable": true,
                "href": "https:\/\/www.weissbergavocats.com\/fr\/wp-json\/wp\/v2\/categories?post=6253"
            },
            {
                "taxonomy": "post_tag",
                "embeddable": true,
                "href": "https:\/\/www.weissbergavocats.com\/fr\/wp-json\/wp\/v2\/tags?post=6253"
            }
        ],
        "curies": [
            {
                "name": "wp",
                "href": "https:\/\/api.w.org\/{rel}",
                "templated": true
            }
        ]
    }
}